{"id":2743,"count":1,"description":"","link":"https:\/\/www.uninter.com\/radio\/tag\/brasil-em-transformacao-do-pais","name":"Brasil em transforma\u00e7\u00e3o do pa\u00eds","slug":"brasil-em-transformacao-do-pais","taxonomy":"post_tag","meta":[],"_links":{"self":[{"href":"https:\/\/www.uninter.com\/radio\/wp-json\/wp\/v2\/tags\/2743"}],"collection":[{"href":"https:\/\/www.uninter.com\/radio\/wp-json\/wp\/v2\/tags"}],"about":[{"href":"https:\/\/www.uninter.com\/radio\/wp-json\/wp\/v2\/taxonomies\/post_tag"}],"wp:post_type":[{"href":"https:\/\/www.uninter.com\/radio\/wp-json\/wp\/v2\/posts?tags=2743"}],"curies":[{"name":"wp","href":"https:\/\/api.w.org\/{rel}","templated":true}]}}