{"id":36992,"date":"2024-07-03T14:50:23","date_gmt":"2024-07-03T17:50:23","guid":{"rendered":"https:\/\/www.uninter.com\/radio\/?p=36992"},"modified":"2024-07-03T14:50:24","modified_gmt":"2024-07-03T17:50:24","slug":"atuando-na-politica-o-calendario-eleitoral-de-2024-12","status":"publish","type":"post","link":"https:\/\/www.uninter.com\/radio\/atuando-na-politica-o-calendario-eleitoral-de-2024-12","title":{"rendered":"Atuando na Pol\u00edtica | O calend\u00e1rio eleitoral de 2024 #12"},"content":{"rendered":"\n<figure class=\"wp-block-audio\"><audio controls src=\"https:\/\/www.uninter.com\/radio\/wp-content\/uploads\/2024\/07\/atuando-na-politica-28-06-2024.mp3\"><\/audio><\/figure>\n\n\n\n<p>A edi\u00e7\u00e3o de junho do programa Atuando na Pol\u00edtica detalha etapas e princ\u00edpios importantes do calend\u00e1rio eleitoral de 2024. O bate-papo conta com a presen\u00e7a dos professores Lucas Massimo e Karoline Roeder.<\/p>\n","protected":false},"excerpt":{"rendered":"<p>A edi\u00e7\u00e3o de junho do programa Atuando na Pol\u00edtica detalha etapas e princ\u00edpios importantes do&#8230;<\/p>\n","protected":false},"author":3,"featured_media":35028,"comment_status":"open","ping_status":"open","sticky":false,"template":"","format":"standard","meta":[],"categories":[2847],"tags":[],"_links":{"self":[{"href":"https:\/\/www.uninter.com\/radio\/wp-json\/wp\/v2\/posts\/36992"}],"collection":[{"href":"https:\/\/www.uninter.com\/radio\/wp-json\/wp\/v2\/posts"}],"about":[{"href":"https:\/\/www.uninter.com\/radio\/wp-json\/wp\/v2\/types\/post"}],"author":[{"embeddable":true,"href":"https:\/\/www.uninter.com\/radio\/wp-json\/wp\/v2\/users\/3"}],"replies":[{"embeddable":true,"href":"https:\/\/www.uninter.com\/radio\/wp-json\/wp\/v2\/comments?post=36992"}],"version-history":[{"count":1,"href":"https:\/\/www.uninter.com\/radio\/wp-json\/wp\/v2\/posts\/36992\/revisions"}],"predecessor-version":[{"id":36994,"href":"https:\/\/www.uninter.com\/radio\/wp-json\/wp\/v2\/posts\/36992\/revisions\/36994"}],"wp:featuredmedia":[{"embeddable":true,"href":"https:\/\/www.uninter.com\/radio\/wp-json\/wp\/v2\/media\/35028"}],"wp:attachment":[{"href":"https:\/\/www.uninter.com\/radio\/wp-json\/wp\/v2\/media?parent=36992"}],"wp:term":[{"taxonomy":"category","embeddable":true,"href":"https:\/\/www.uninter.com\/radio\/wp-json\/wp\/v2\/categories?post=36992"},{"taxonomy":"post_tag","embeddable":true,"href":"https:\/\/www.uninter.com\/radio\/wp-json\/wp\/v2\/tags?post=36992"}],"curies":[{"name":"wp","href":"https:\/\/api.w.org\/{rel}","templated":true}]}}