{"id":36989,"date":"2024-07-03T14:39:52","date_gmt":"2024-07-03T17:39:52","guid":{"rendered":"https:\/\/www.uninter.com\/radio\/?p=36989"},"modified":"2024-07-03T14:39:52","modified_gmt":"2024-07-03T17:39:52","slug":"conexao-academica-o-papel-estrategico-da-rede-de-egressos-no-ensino-e-no-mercado-de-trabalho","status":"publish","type":"post","link":"https:\/\/www.uninter.com\/radio\/conexao-academica-o-papel-estrategico-da-rede-de-egressos-no-ensino-e-no-mercado-de-trabalho","title":{"rendered":"Conex\u00e3o Acad\u00eamica | O papel estrat\u00e9gico da rede de egressos no ensino e no mercado de trabalho"},"content":{"rendered":"\n<figure class=\"wp-block-audio\"><audio controls src=\"https:\/\/www.uninter.com\/radio\/wp-content\/uploads\/2024\/07\/conexao-academica-27-06-2024.mp3\"><\/audio><\/figure>\n\n\n\n<p>Na edi\u00e7\u00e3o dessa semana do Conex\u00e3o Acad\u00eamica vamos explorar juntos o papel estrat\u00e9gico da rede de egressos no ensino e no mercado de trabalho. Para a conversa, Helenice Jamur recebe Sidney de Lara, coordenadora da Central de Carreiras e Acompanhamento de Egressos.<\/p>\n","protected":false},"excerpt":{"rendered":"<p>Na edi\u00e7\u00e3o dessa semana do Conex\u00e3o Acad\u00eamica vamos explorar juntos o papel estrat\u00e9gico da rede&#8230;<\/p>\n","protected":false},"author":3,"featured_media":36421,"comment_status":"open","ping_status":"open","sticky":false,"template":"","format":"standard","meta":[],"categories":[2849],"tags":[],"_links":{"self":[{"href":"https:\/\/www.uninter.com\/radio\/wp-json\/wp\/v2\/posts\/36989"}],"collection":[{"href":"https:\/\/www.uninter.com\/radio\/wp-json\/wp\/v2\/posts"}],"about":[{"href":"https:\/\/www.uninter.com\/radio\/wp-json\/wp\/v2\/types\/post"}],"author":[{"embeddable":true,"href":"https:\/\/www.uninter.com\/radio\/wp-json\/wp\/v2\/users\/3"}],"replies":[{"embeddable":true,"href":"https:\/\/www.uninter.com\/radio\/wp-json\/wp\/v2\/comments?post=36989"}],"version-history":[{"count":1,"href":"https:\/\/www.uninter.com\/radio\/wp-json\/wp\/v2\/posts\/36989\/revisions"}],"predecessor-version":[{"id":36991,"href":"https:\/\/www.uninter.com\/radio\/wp-json\/wp\/v2\/posts\/36989\/revisions\/36991"}],"wp:featuredmedia":[{"embeddable":true,"href":"https:\/\/www.uninter.com\/radio\/wp-json\/wp\/v2\/media\/36421"}],"wp:attachment":[{"href":"https:\/\/www.uninter.com\/radio\/wp-json\/wp\/v2\/media?parent=36989"}],"wp:term":[{"taxonomy":"category","embeddable":true,"href":"https:\/\/www.uninter.com\/radio\/wp-json\/wp\/v2\/categories?post=36989"},{"taxonomy":"post_tag","embeddable":true,"href":"https:\/\/www.uninter.com\/radio\/wp-json\/wp\/v2\/tags?post=36989"}],"curies":[{"name":"wp","href":"https:\/\/api.w.org\/{rel}","templated":true}]}}