{"id":36980,"date":"2024-07-03T14:36:23","date_gmt":"2024-07-03T17:36:23","guid":{"rendered":"https:\/\/www.uninter.com\/radio\/?p=36980"},"modified":"2024-07-03T14:36:23","modified_gmt":"2024-07-03T17:36:23","slug":"atualidades-da-educacao-festas-juninas","status":"publish","type":"post","link":"https:\/\/www.uninter.com\/radio\/atualidades-da-educacao-festas-juninas","title":{"rendered":"Atualidades da Educa\u00e7\u00e3o | Festas Juninas"},"content":{"rendered":"\n<figure class=\"wp-block-audio\"><audio controls src=\"https:\/\/www.uninter.com\/radio\/wp-content\/uploads\/2024\/07\/atualidades-da-educacao-26-06-2024.mp3\"><\/audio><\/figure>\n\n\n\n<p>O Atualidades da Educa\u00e7\u00e3o dessa semana aborda as festas juninas, explorando a origem dessas festividades, suas caracter\u00edsticas principais, e como elas s\u00e3o comemoradas em diferentes regi\u00f5es do pa\u00eds. Para o bate-papo, Alvino Moser recebe os professores Marcus Bessa e Jos\u00e9 Lauro Martins.<\/p>\n","protected":false},"excerpt":{"rendered":"<p>O Atualidades da Educa\u00e7\u00e3o dessa semana aborda as festas juninas, explorando a origem dessas festividades,&#8230;<\/p>\n","protected":false},"author":3,"featured_media":33674,"comment_status":"open","ping_status":"open","sticky":false,"template":"","format":"standard","meta":[],"categories":[2760],"tags":[],"_links":{"self":[{"href":"https:\/\/www.uninter.com\/radio\/wp-json\/wp\/v2\/posts\/36980"}],"collection":[{"href":"https:\/\/www.uninter.com\/radio\/wp-json\/wp\/v2\/posts"}],"about":[{"href":"https:\/\/www.uninter.com\/radio\/wp-json\/wp\/v2\/types\/post"}],"author":[{"embeddable":true,"href":"https:\/\/www.uninter.com\/radio\/wp-json\/wp\/v2\/users\/3"}],"replies":[{"embeddable":true,"href":"https:\/\/www.uninter.com\/radio\/wp-json\/wp\/v2\/comments?post=36980"}],"version-history":[{"count":1,"href":"https:\/\/www.uninter.com\/radio\/wp-json\/wp\/v2\/posts\/36980\/revisions"}],"predecessor-version":[{"id":36982,"href":"https:\/\/www.uninter.com\/radio\/wp-json\/wp\/v2\/posts\/36980\/revisions\/36982"}],"wp:featuredmedia":[{"embeddable":true,"href":"https:\/\/www.uninter.com\/radio\/wp-json\/wp\/v2\/media\/33674"}],"wp:attachment":[{"href":"https:\/\/www.uninter.com\/radio\/wp-json\/wp\/v2\/media?parent=36980"}],"wp:term":[{"taxonomy":"category","embeddable":true,"href":"https:\/\/www.uninter.com\/radio\/wp-json\/wp\/v2\/categories?post=36980"},{"taxonomy":"post_tag","embeddable":true,"href":"https:\/\/www.uninter.com\/radio\/wp-json\/wp\/v2\/tags?post=36980"}],"curies":[{"name":"wp","href":"https:\/\/api.w.org\/{rel}","templated":true}]}}