{"id":36962,"date":"2024-07-03T09:36:18","date_gmt":"2024-07-03T12:36:18","guid":{"rendered":"https:\/\/www.uninter.com\/radio\/?p=36962"},"modified":"2024-07-03T09:36:19","modified_gmt":"2024-07-03T12:36:19","slug":"diversos-da-pos-educacao-para-a-cidadania-global-perspectivas-das-relacoes-internacionais","status":"publish","type":"post","link":"https:\/\/www.uninter.com\/radio\/diversos-da-pos-educacao-para-a-cidadania-global-perspectivas-das-relacoes-internacionais","title":{"rendered":"Diversos da P\u00f3s | Educa\u00e7\u00e3o para a cidadania global: perspectivas das rela\u00e7\u00f5es internacionais"},"content":{"rendered":"\n<figure class=\"wp-block-audio\"><audio controls src=\"https:\/\/www.uninter.com\/radio\/wp-content\/uploads\/2024\/07\/diversos-da-pos-20-06-2024.mp3\"><\/audio><\/figure>\n\n\n\n<p>Voc\u00ea j\u00e1 ouviu falar sobre Educa\u00e7\u00e3o para a Cidadania Global (ECG)? O Diversos da P\u00f3s desta semana abordar\u00e1 como a Educa\u00e7\u00e3o para a Cidadania Global (ECG) surge como um campo de estudo e pr\u00e1tica crucial na era da globaliza\u00e7\u00e3o, buscando formar indiv\u00edduos conscientes e engajados nos desafios e oportunidades que transcendem fronteiras nacionais. O bate-papo conta com a presen\u00e7a dos professores Milena Silveira dos Santos e Jos\u00e9 Benedito Caparros Junior.<\/p>\n","protected":false},"excerpt":{"rendered":"<p>Voc\u00ea j\u00e1 ouviu falar sobre Educa\u00e7\u00e3o para a Cidadania Global (ECG)? O Diversos da P\u00f3s&#8230;<\/p>\n","protected":false},"author":3,"featured_media":34178,"comment_status":"open","ping_status":"open","sticky":false,"template":"","format":"standard","meta":[],"categories":[2704],"tags":[],"_links":{"self":[{"href":"https:\/\/www.uninter.com\/radio\/wp-json\/wp\/v2\/posts\/36962"}],"collection":[{"href":"https:\/\/www.uninter.com\/radio\/wp-json\/wp\/v2\/posts"}],"about":[{"href":"https:\/\/www.uninter.com\/radio\/wp-json\/wp\/v2\/types\/post"}],"author":[{"embeddable":true,"href":"https:\/\/www.uninter.com\/radio\/wp-json\/wp\/v2\/users\/3"}],"replies":[{"embeddable":true,"href":"https:\/\/www.uninter.com\/radio\/wp-json\/wp\/v2\/comments?post=36962"}],"version-history":[{"count":1,"href":"https:\/\/www.uninter.com\/radio\/wp-json\/wp\/v2\/posts\/36962\/revisions"}],"predecessor-version":[{"id":36964,"href":"https:\/\/www.uninter.com\/radio\/wp-json\/wp\/v2\/posts\/36962\/revisions\/36964"}],"wp:featuredmedia":[{"embeddable":true,"href":"https:\/\/www.uninter.com\/radio\/wp-json\/wp\/v2\/media\/34178"}],"wp:attachment":[{"href":"https:\/\/www.uninter.com\/radio\/wp-json\/wp\/v2\/media?parent=36962"}],"wp:term":[{"taxonomy":"category","embeddable":true,"href":"https:\/\/www.uninter.com\/radio\/wp-json\/wp\/v2\/categories?post=36962"},{"taxonomy":"post_tag","embeddable":true,"href":"https:\/\/www.uninter.com\/radio\/wp-json\/wp\/v2\/tags?post=36962"}],"curies":[{"name":"wp","href":"https:\/\/api.w.org\/{rel}","templated":true}]}}