{"id":36959,"date":"2024-07-03T09:34:51","date_gmt":"2024-07-03T12:34:51","guid":{"rendered":"https:\/\/www.uninter.com\/radio\/?p=36959"},"modified":"2024-07-03T09:34:52","modified_gmt":"2024-07-03T12:34:52","slug":"conexao-academica-cursos-semipresenciais-de-saude-diplomacao-e-mercado-de-trabalho","status":"publish","type":"post","link":"https:\/\/www.uninter.com\/radio\/conexao-academica-cursos-semipresenciais-de-saude-diplomacao-e-mercado-de-trabalho","title":{"rendered":"Conex\u00e3o Acad\u00eamica | Cursos Semipresenciais de Sa\u00fade: diploma\u00e7\u00e3o e mercado de trabalho"},"content":{"rendered":"\n<figure class=\"wp-block-audio\"><audio controls src=\"https:\/\/www.uninter.com\/radio\/wp-content\/uploads\/2024\/07\/conexao-academica-20-06-2024.mp3\"><\/audio><\/figure>\n\n\n\n<p>No pr\u00f3ximo epis\u00f3dio do Conex\u00e3o Acad\u00eamica discutiremos sobre as oportunidades de forma\u00e7\u00e3o e a abertura do mercado de trabalho para os cursos semipresenciais da \u00e1rea de sa\u00fade. Para o bate-papo, Helenice Jamur recebe o prof. Dr. Cristiano Cavei\u00e3o, Diretor da ESSU (Escola Superior de Sa\u00fade \u00danica). Saiba como garantir seu diploma e continue seus estudos com a certeza de que seu futuro est\u00e1 em boas m\u00e3os!<\/p>\n","protected":false},"excerpt":{"rendered":"<p>No pr\u00f3ximo epis\u00f3dio do Conex\u00e3o Acad\u00eamica discutiremos sobre as oportunidades de forma\u00e7\u00e3o e a abertura&#8230;<\/p>\n","protected":false},"author":3,"featured_media":36421,"comment_status":"open","ping_status":"open","sticky":false,"template":"","format":"standard","meta":[],"categories":[2849],"tags":[],"_links":{"self":[{"href":"https:\/\/www.uninter.com\/radio\/wp-json\/wp\/v2\/posts\/36959"}],"collection":[{"href":"https:\/\/www.uninter.com\/radio\/wp-json\/wp\/v2\/posts"}],"about":[{"href":"https:\/\/www.uninter.com\/radio\/wp-json\/wp\/v2\/types\/post"}],"author":[{"embeddable":true,"href":"https:\/\/www.uninter.com\/radio\/wp-json\/wp\/v2\/users\/3"}],"replies":[{"embeddable":true,"href":"https:\/\/www.uninter.com\/radio\/wp-json\/wp\/v2\/comments?post=36959"}],"version-history":[{"count":1,"href":"https:\/\/www.uninter.com\/radio\/wp-json\/wp\/v2\/posts\/36959\/revisions"}],"predecessor-version":[{"id":36961,"href":"https:\/\/www.uninter.com\/radio\/wp-json\/wp\/v2\/posts\/36959\/revisions\/36961"}],"wp:featuredmedia":[{"embeddable":true,"href":"https:\/\/www.uninter.com\/radio\/wp-json\/wp\/v2\/media\/36421"}],"wp:attachment":[{"href":"https:\/\/www.uninter.com\/radio\/wp-json\/wp\/v2\/media?parent=36959"}],"wp:term":[{"taxonomy":"category","embeddable":true,"href":"https:\/\/www.uninter.com\/radio\/wp-json\/wp\/v2\/categories?post=36959"},{"taxonomy":"post_tag","embeddable":true,"href":"https:\/\/www.uninter.com\/radio\/wp-json\/wp\/v2\/tags?post=36959"}],"curies":[{"name":"wp","href":"https:\/\/api.w.org\/{rel}","templated":true}]}}