{"id":36956,"date":"2024-07-03T09:33:41","date_gmt":"2024-07-03T12:33:41","guid":{"rendered":"https:\/\/www.uninter.com\/radio\/?p=36956"},"modified":"2024-07-03T09:33:41","modified_gmt":"2024-07-03T12:33:41","slug":"chave-interdisciplinar-a-formacao-de-pessoas-com-deficiencia-na-educacao-superior","status":"publish","type":"post","link":"https:\/\/www.uninter.com\/radio\/chave-interdisciplinar-a-formacao-de-pessoas-com-deficiencia-na-educacao-superior","title":{"rendered":"Chave Interdisciplinar | A forma\u00e7\u00e3o de pessoas com defici\u00eancia na educa\u00e7\u00e3o superior"},"content":{"rendered":"\n<figure class=\"wp-block-audio\"><audio controls src=\"https:\/\/www.uninter.com\/radio\/wp-content\/uploads\/2024\/07\/chave-20-06-2024.mp3\"><\/audio><\/figure>\n\n\n\n<p>Na edi\u00e7\u00e3o dessa semana do Chave Interdisciplinar, vamos debater os desafios e as oportunidades da inclus\u00e3o de pessoas com defici\u00eancia na educa\u00e7\u00e3o superior, apresentar os conceitos de inclus\u00e3o e discutir as pr\u00e1ticas pedag\u00f3gicas e os recursos did\u00e1ticos que podem ser utilizados nesse contexto. A conversa conta com a presen\u00e7a das professoras Debora Gomes de Oliveira Klassen, Monica Caetano Vieira e Jucimara de Barros Bandeira.<\/p>\n","protected":false},"excerpt":{"rendered":"<p>Na edi\u00e7\u00e3o dessa semana do Chave Interdisciplinar, vamos debater os desafios e as oportunidades da&#8230;<\/p>\n","protected":false},"author":3,"featured_media":31168,"comment_status":"open","ping_status":"open","sticky":false,"template":"","format":"standard","meta":[],"categories":[2735],"tags":[],"_links":{"self":[{"href":"https:\/\/www.uninter.com\/radio\/wp-json\/wp\/v2\/posts\/36956"}],"collection":[{"href":"https:\/\/www.uninter.com\/radio\/wp-json\/wp\/v2\/posts"}],"about":[{"href":"https:\/\/www.uninter.com\/radio\/wp-json\/wp\/v2\/types\/post"}],"author":[{"embeddable":true,"href":"https:\/\/www.uninter.com\/radio\/wp-json\/wp\/v2\/users\/3"}],"replies":[{"embeddable":true,"href":"https:\/\/www.uninter.com\/radio\/wp-json\/wp\/v2\/comments?post=36956"}],"version-history":[{"count":1,"href":"https:\/\/www.uninter.com\/radio\/wp-json\/wp\/v2\/posts\/36956\/revisions"}],"predecessor-version":[{"id":36958,"href":"https:\/\/www.uninter.com\/radio\/wp-json\/wp\/v2\/posts\/36956\/revisions\/36958"}],"wp:featuredmedia":[{"embeddable":true,"href":"https:\/\/www.uninter.com\/radio\/wp-json\/wp\/v2\/media\/31168"}],"wp:attachment":[{"href":"https:\/\/www.uninter.com\/radio\/wp-json\/wp\/v2\/media?parent=36956"}],"wp:term":[{"taxonomy":"category","embeddable":true,"href":"https:\/\/www.uninter.com\/radio\/wp-json\/wp\/v2\/categories?post=36956"},{"taxonomy":"post_tag","embeddable":true,"href":"https:\/\/www.uninter.com\/radio\/wp-json\/wp\/v2\/tags?post=36956"}],"curies":[{"name":"wp","href":"https:\/\/api.w.org\/{rel}","templated":true}]}}