{"id":36931,"date":"2024-06-21T15:17:25","date_gmt":"2024-06-21T18:17:25","guid":{"rendered":"https:\/\/www.uninter.com\/radio\/?p=36931"},"modified":"2024-06-21T15:17:26","modified_gmt":"2024-06-21T18:17:26","slug":"conversa-com-o-reitor-como-as-atividades-extensionistas-impactam-a-sociedade-na-pratica","status":"publish","type":"post","link":"https:\/\/www.uninter.com\/radio\/conversa-com-o-reitor-como-as-atividades-extensionistas-impactam-a-sociedade-na-pratica","title":{"rendered":"Conversa com o Reitor | Como as atividades extensionistas impactam a sociedade na pr\u00e1tica"},"content":{"rendered":"\n<figure class=\"wp-block-audio\"><audio controls src=\"https:\/\/www.uninter.com\/radio\/wp-content\/uploads\/2024\/06\/conversa-com-o-reitor-14-06-2024.mp3\"><\/audio><\/figure>\n\n\n\n<p>As atividades extensionistas s\u00e3o pr\u00e1ticas de disciplinas que enriquecem a experi\u00eancia acad\u00eamica. Por isso, o Conversa com o Reitor dessa semana mostra como a extens\u00e3o universit\u00e1ria conecta o conhecimento acad\u00eamico com as necessidades da comunidade. Para o bate-papo, Benhur Gaio recebe a coordenadora de Extens\u00e3o Curricular Rosinda Silva, e o aluno do curso de Gest\u00e3o de Tr\u00e2nsito e Mobilidade Urbana Mauricio Cavazzani.<\/p>\n","protected":false},"excerpt":{"rendered":"<p>As atividades extensionistas s\u00e3o pr\u00e1ticas de disciplinas que enriquecem a experi\u00eancia acad\u00eamica. Por isso, o&#8230;<\/p>\n","protected":false},"author":3,"featured_media":31088,"comment_status":"open","ping_status":"open","sticky":false,"template":"","format":"standard","meta":[],"categories":[2724],"tags":[],"_links":{"self":[{"href":"https:\/\/www.uninter.com\/radio\/wp-json\/wp\/v2\/posts\/36931"}],"collection":[{"href":"https:\/\/www.uninter.com\/radio\/wp-json\/wp\/v2\/posts"}],"about":[{"href":"https:\/\/www.uninter.com\/radio\/wp-json\/wp\/v2\/types\/post"}],"author":[{"embeddable":true,"href":"https:\/\/www.uninter.com\/radio\/wp-json\/wp\/v2\/users\/3"}],"replies":[{"embeddable":true,"href":"https:\/\/www.uninter.com\/radio\/wp-json\/wp\/v2\/comments?post=36931"}],"version-history":[{"count":1,"href":"https:\/\/www.uninter.com\/radio\/wp-json\/wp\/v2\/posts\/36931\/revisions"}],"predecessor-version":[{"id":36933,"href":"https:\/\/www.uninter.com\/radio\/wp-json\/wp\/v2\/posts\/36931\/revisions\/36933"}],"wp:featuredmedia":[{"embeddable":true,"href":"https:\/\/www.uninter.com\/radio\/wp-json\/wp\/v2\/media\/31088"}],"wp:attachment":[{"href":"https:\/\/www.uninter.com\/radio\/wp-json\/wp\/v2\/media?parent=36931"}],"wp:term":[{"taxonomy":"category","embeddable":true,"href":"https:\/\/www.uninter.com\/radio\/wp-json\/wp\/v2\/categories?post=36931"},{"taxonomy":"post_tag","embeddable":true,"href":"https:\/\/www.uninter.com\/radio\/wp-json\/wp\/v2\/tags?post=36931"}],"curies":[{"name":"wp","href":"https:\/\/api.w.org\/{rel}","templated":true}]}}