{"id":36928,"date":"2024-06-21T15:15:36","date_gmt":"2024-06-21T18:15:36","guid":{"rendered":"https:\/\/www.uninter.com\/radio\/?p=36928"},"modified":"2024-06-21T15:15:37","modified_gmt":"2024-06-21T18:15:37","slug":"papo-egresso-me-formei-e-dai-como-conquistar-o-sucesso-profissional","status":"publish","type":"post","link":"https:\/\/www.uninter.com\/radio\/papo-egresso-me-formei-e-dai-como-conquistar-o-sucesso-profissional","title":{"rendered":"Papo Egresso | Me formei, e da\u00ed? Como conquistar o sucesso profissional"},"content":{"rendered":"\n<figure class=\"wp-block-audio\"><audio controls src=\"https:\/\/www.uninter.com\/radio\/wp-content\/uploads\/2024\/06\/papo-egresso-13-06-2024.mp3\"><\/audio><\/figure>\n\n\n\n<p>Nessa edi\u00e7\u00e3o do Papo Egresso buscamos incentivar alunos e egressos a refletir sobre o seu plano de carreira e as expectativas com o mercado de trabalho ap\u00f3s a conclus\u00e3o do seu curso. Para a conversa, Sidney Lara recebe o mentor de carreira e professor em cursos de gradua\u00e7\u00e3o e p\u00f3s-gradua\u00e7\u00e3o da Uninter Raphael Moroz.<\/p>\n","protected":false},"excerpt":{"rendered":"<p>Nessa edi\u00e7\u00e3o do Papo Egresso buscamos incentivar alunos e egressos a refletir sobre o seu&#8230;<\/p>\n","protected":false},"author":3,"featured_media":34817,"comment_status":"open","ping_status":"open","sticky":false,"template":"","format":"standard","meta":[],"categories":[2845],"tags":[],"_links":{"self":[{"href":"https:\/\/www.uninter.com\/radio\/wp-json\/wp\/v2\/posts\/36928"}],"collection":[{"href":"https:\/\/www.uninter.com\/radio\/wp-json\/wp\/v2\/posts"}],"about":[{"href":"https:\/\/www.uninter.com\/radio\/wp-json\/wp\/v2\/types\/post"}],"author":[{"embeddable":true,"href":"https:\/\/www.uninter.com\/radio\/wp-json\/wp\/v2\/users\/3"}],"replies":[{"embeddable":true,"href":"https:\/\/www.uninter.com\/radio\/wp-json\/wp\/v2\/comments?post=36928"}],"version-history":[{"count":1,"href":"https:\/\/www.uninter.com\/radio\/wp-json\/wp\/v2\/posts\/36928\/revisions"}],"predecessor-version":[{"id":36930,"href":"https:\/\/www.uninter.com\/radio\/wp-json\/wp\/v2\/posts\/36928\/revisions\/36930"}],"wp:featuredmedia":[{"embeddable":true,"href":"https:\/\/www.uninter.com\/radio\/wp-json\/wp\/v2\/media\/34817"}],"wp:attachment":[{"href":"https:\/\/www.uninter.com\/radio\/wp-json\/wp\/v2\/media?parent=36928"}],"wp:term":[{"taxonomy":"category","embeddable":true,"href":"https:\/\/www.uninter.com\/radio\/wp-json\/wp\/v2\/categories?post=36928"},{"taxonomy":"post_tag","embeddable":true,"href":"https:\/\/www.uninter.com\/radio\/wp-json\/wp\/v2\/tags?post=36928"}],"curies":[{"name":"wp","href":"https:\/\/api.w.org\/{rel}","templated":true}]}}