{"id":36910,"date":"2024-06-21T15:05:44","date_gmt":"2024-06-21T18:05:44","guid":{"rendered":"https:\/\/www.uninter.com\/radio\/?p=36910"},"modified":"2024-06-21T15:05:45","modified_gmt":"2024-06-21T18:05:45","slug":"fala-prof-premio-top-inovacao-uninter-como-tudo-comecou","status":"publish","type":"post","link":"https:\/\/www.uninter.com\/radio\/fala-prof-premio-top-inovacao-uninter-como-tudo-comecou","title":{"rendered":"Fala, Prof! | Pr\u00eamio Top Inova\u00e7\u00e3o Uninter: como tudo come\u00e7ou"},"content":{"rendered":"\n<figure class=\"wp-block-audio\"><audio controls src=\"https:\/\/www.uninter.com\/radio\/wp-content\/uploads\/2024\/06\/fala-prof-11-06-2024.mp3\"><\/audio><\/figure>\n\n\n\n<p>Vem a\u00ed a premia\u00e7\u00e3o que destaca projetos em execu\u00e7\u00e3o com potencial para transformar vidas, por isso, o Fala, Prof! relembra toda a trajet\u00f3ria do Pr\u00eamio Top Inova\u00e7\u00e3o Uninter. Para a conversa, contamos com a presen\u00e7a dos professores organozadores da edi\u00e7\u00e3o 2024 Talita Cabral, Sandra Lopes, Ricieri Garbelini e Caroline Brasil.<\/p>\n","protected":false},"excerpt":{"rendered":"<p>Vem a\u00ed a premia\u00e7\u00e3o que destaca projetos em execu\u00e7\u00e3o com potencial para transformar vidas, por&#8230;<\/p>\n","protected":false},"author":3,"featured_media":30526,"comment_status":"open","ping_status":"open","sticky":false,"template":"","format":"standard","meta":[],"categories":[2763],"tags":[],"_links":{"self":[{"href":"https:\/\/www.uninter.com\/radio\/wp-json\/wp\/v2\/posts\/36910"}],"collection":[{"href":"https:\/\/www.uninter.com\/radio\/wp-json\/wp\/v2\/posts"}],"about":[{"href":"https:\/\/www.uninter.com\/radio\/wp-json\/wp\/v2\/types\/post"}],"author":[{"embeddable":true,"href":"https:\/\/www.uninter.com\/radio\/wp-json\/wp\/v2\/users\/3"}],"replies":[{"embeddable":true,"href":"https:\/\/www.uninter.com\/radio\/wp-json\/wp\/v2\/comments?post=36910"}],"version-history":[{"count":1,"href":"https:\/\/www.uninter.com\/radio\/wp-json\/wp\/v2\/posts\/36910\/revisions"}],"predecessor-version":[{"id":36912,"href":"https:\/\/www.uninter.com\/radio\/wp-json\/wp\/v2\/posts\/36910\/revisions\/36912"}],"wp:featuredmedia":[{"embeddable":true,"href":"https:\/\/www.uninter.com\/radio\/wp-json\/wp\/v2\/media\/30526"}],"wp:attachment":[{"href":"https:\/\/www.uninter.com\/radio\/wp-json\/wp\/v2\/media?parent=36910"}],"wp:term":[{"taxonomy":"category","embeddable":true,"href":"https:\/\/www.uninter.com\/radio\/wp-json\/wp\/v2\/categories?post=36910"},{"taxonomy":"post_tag","embeddable":true,"href":"https:\/\/www.uninter.com\/radio\/wp-json\/wp\/v2\/tags?post=36910"}],"curies":[{"name":"wp","href":"https:\/\/api.w.org\/{rel}","templated":true}]}}