{"id":36904,"date":"2024-06-21T14:51:52","date_gmt":"2024-06-21T17:51:52","guid":{"rendered":"https:\/\/www.uninter.com\/radio\/?p=36904"},"modified":"2024-06-21T14:51:53","modified_gmt":"2024-06-21T17:51:53","slug":"gestao-publica-em-debate-eleicoes-2024-o-municipio-o-sus-e-as-politicas-de-saude","status":"publish","type":"post","link":"https:\/\/www.uninter.com\/radio\/gestao-publica-em-debate-eleicoes-2024-o-municipio-o-sus-e-as-politicas-de-saude","title":{"rendered":"Gest\u00e3o P\u00fablica em Debate | Elei\u00e7\u00f5es 2024: O munic\u00edpio, o SUS e as pol\u00edticas de sa\u00fade"},"content":{"rendered":"\n<figure class=\"wp-block-audio\"><audio controls src=\"https:\/\/www.uninter.com\/radio\/wp-content\/uploads\/2024\/06\/gestao-publica-10-06-2024.mp3\"><\/audio><\/figure>\n\n\n\n<p>O Gest\u00e3o P\u00fablica em Debate dessa semana fala sobre a rela\u00e7\u00e3o entre os munic\u00edpios, o Sistema \u00danico de Sa\u00fade (SUS) e as pol\u00edticas de sa\u00fade no Brasil, discutindo como os governos locais desempenham um papel crucial na implementa\u00e7\u00e3o e gest\u00e3o dos servi\u00e7os de sa\u00fade, os desafios enfrentados e as estrat\u00e9gias para melhorar a qualidade e a acessibilidade dos cuidados de sa\u00fade. Para a conversa contamos com a presen\u00e7a dos professores Manon Garcia, Ricieri Garbelini e Ivana Busato.<\/p>\n","protected":false},"excerpt":{"rendered":"<p>O Gest\u00e3o P\u00fablica em Debate dessa semana fala sobre a rela\u00e7\u00e3o entre os munic\u00edpios, o&#8230;<\/p>\n","protected":false},"author":3,"featured_media":35653,"comment_status":"open","ping_status":"open","sticky":false,"template":"","format":"standard","meta":[],"categories":[2848],"tags":[],"_links":{"self":[{"href":"https:\/\/www.uninter.com\/radio\/wp-json\/wp\/v2\/posts\/36904"}],"collection":[{"href":"https:\/\/www.uninter.com\/radio\/wp-json\/wp\/v2\/posts"}],"about":[{"href":"https:\/\/www.uninter.com\/radio\/wp-json\/wp\/v2\/types\/post"}],"author":[{"embeddable":true,"href":"https:\/\/www.uninter.com\/radio\/wp-json\/wp\/v2\/users\/3"}],"replies":[{"embeddable":true,"href":"https:\/\/www.uninter.com\/radio\/wp-json\/wp\/v2\/comments?post=36904"}],"version-history":[{"count":1,"href":"https:\/\/www.uninter.com\/radio\/wp-json\/wp\/v2\/posts\/36904\/revisions"}],"predecessor-version":[{"id":36906,"href":"https:\/\/www.uninter.com\/radio\/wp-json\/wp\/v2\/posts\/36904\/revisions\/36906"}],"wp:featuredmedia":[{"embeddable":true,"href":"https:\/\/www.uninter.com\/radio\/wp-json\/wp\/v2\/media\/35653"}],"wp:attachment":[{"href":"https:\/\/www.uninter.com\/radio\/wp-json\/wp\/v2\/media?parent=36904"}],"wp:term":[{"taxonomy":"category","embeddable":true,"href":"https:\/\/www.uninter.com\/radio\/wp-json\/wp\/v2\/categories?post=36904"},{"taxonomy":"post_tag","embeddable":true,"href":"https:\/\/www.uninter.com\/radio\/wp-json\/wp\/v2\/tags?post=36904"}],"curies":[{"name":"wp","href":"https:\/\/api.w.org\/{rel}","templated":true}]}}