{"id":36898,"date":"2024-06-21T14:45:44","date_gmt":"2024-06-21T17:45:44","guid":{"rendered":"https:\/\/www.uninter.com\/radio\/?p=36898"},"modified":"2024-06-21T14:45:46","modified_gmt":"2024-06-21T17:45:46","slug":"entre-no-jogo-eurocopa-2024","status":"publish","type":"post","link":"https:\/\/www.uninter.com\/radio\/entre-no-jogo-eurocopa-2024","title":{"rendered":"Entre no Jogo | Eurocopa 2024"},"content":{"rendered":"\n<figure class=\"wp-block-audio\"><audio controls src=\"https:\/\/www.uninter.com\/radio\/wp-content\/uploads\/2024\/06\/entre-no-jogo-10-06-2024.mp3\"><\/audio><\/figure>\n\n\n\n<p>O Entre no Jogo dessa semana fala sobre a edi\u00e7\u00e3o de 2024 do principal torneio de futebol da Europa, a Eurocopa, trazendo informa\u00e7\u00f5es sobre as sedes, as sele\u00e7\u00f5es participantes, o formato do torneio, os jogadores para ficar de olho e muito mais. A edi\u00e7\u00e3o conta com a participa\u00e7\u00e3o de Gabriel Smaniotto e Matheus Fabro<\/p>\n","protected":false},"excerpt":{"rendered":"<p>O Entre no Jogo dessa semana fala sobre a edi\u00e7\u00e3o de 2024 do principal torneio&#8230;<\/p>\n","protected":false},"author":3,"featured_media":31123,"comment_status":"open","ping_status":"open","sticky":false,"template":"","format":"standard","meta":[],"categories":[2766],"tags":[],"_links":{"self":[{"href":"https:\/\/www.uninter.com\/radio\/wp-json\/wp\/v2\/posts\/36898"}],"collection":[{"href":"https:\/\/www.uninter.com\/radio\/wp-json\/wp\/v2\/posts"}],"about":[{"href":"https:\/\/www.uninter.com\/radio\/wp-json\/wp\/v2\/types\/post"}],"author":[{"embeddable":true,"href":"https:\/\/www.uninter.com\/radio\/wp-json\/wp\/v2\/users\/3"}],"replies":[{"embeddable":true,"href":"https:\/\/www.uninter.com\/radio\/wp-json\/wp\/v2\/comments?post=36898"}],"version-history":[{"count":1,"href":"https:\/\/www.uninter.com\/radio\/wp-json\/wp\/v2\/posts\/36898\/revisions"}],"predecessor-version":[{"id":36900,"href":"https:\/\/www.uninter.com\/radio\/wp-json\/wp\/v2\/posts\/36898\/revisions\/36900"}],"wp:featuredmedia":[{"embeddable":true,"href":"https:\/\/www.uninter.com\/radio\/wp-json\/wp\/v2\/media\/31123"}],"wp:attachment":[{"href":"https:\/\/www.uninter.com\/radio\/wp-json\/wp\/v2\/media?parent=36898"}],"wp:term":[{"taxonomy":"category","embeddable":true,"href":"https:\/\/www.uninter.com\/radio\/wp-json\/wp\/v2\/categories?post=36898"},{"taxonomy":"post_tag","embeddable":true,"href":"https:\/\/www.uninter.com\/radio\/wp-json\/wp\/v2\/tags?post=36898"}],"curies":[{"name":"wp","href":"https:\/\/api.w.org\/{rel}","templated":true}]}}