{"id":36887,"date":"2024-06-18T18:01:41","date_gmt":"2024-06-18T21:01:41","guid":{"rendered":"https:\/\/www.uninter.com\/radio\/?p=36887"},"modified":"2024-06-18T18:01:49","modified_gmt":"2024-06-18T21:01:49","slug":"conversa-com-o-reitor-centro-universitario-uninter-faz-12-anos-transformando-vidas-pela-educacao","status":"publish","type":"post","link":"https:\/\/www.uninter.com\/radio\/conversa-com-o-reitor-centro-universitario-uninter-faz-12-anos-transformando-vidas-pela-educacao","title":{"rendered":"Conversa com o Reitor | Centro Universit\u00e1rio Uninter faz 12 anos transformando vidas pela educa\u00e7\u00e3o"},"content":{"rendered":"\n<figure class=\"wp-block-audio\"><audio controls src=\"https:\/\/www.uninter.com\/radio\/wp-content\/uploads\/2024\/06\/conversacomoreitor07-06-2024_out.mp3\"><\/audio><\/figure>\n\n\n\n<p>Em 2024 o Centro Universit\u00e1rio Uninter completa 12 anos, com uma trajet\u00f3ria focada em democratizar o ensino superior. Por isso, o Conversa com o Reitor dessa semana comemora esses 12 anos de vidas transformadas pela educa\u00e7\u00e3o. Para o bate-papo, Benhur Gaio recebe Ivo Carraro, Consulo Turin, Luciano Frontino de Medeiros, Lisandra Brainta e Marli de Azevedo, alguns dos colaboradores mais antigos do grupo Uninter. E nada melhor do que comemorar de uma forma especial, em um programa realizado e transmitido diretamente do auditr\u00f3rio do Garcez!<\/p>\n","protected":false},"excerpt":{"rendered":"<p>Em 2024 o Centro Universit\u00e1rio Uninter completa 12 anos, com uma trajet\u00f3ria focada em democratizar&#8230;<\/p>\n","protected":false},"author":3,"featured_media":31088,"comment_status":"open","ping_status":"open","sticky":false,"template":"","format":"standard","meta":[],"categories":[2724],"tags":[],"_links":{"self":[{"href":"https:\/\/www.uninter.com\/radio\/wp-json\/wp\/v2\/posts\/36887"}],"collection":[{"href":"https:\/\/www.uninter.com\/radio\/wp-json\/wp\/v2\/posts"}],"about":[{"href":"https:\/\/www.uninter.com\/radio\/wp-json\/wp\/v2\/types\/post"}],"author":[{"embeddable":true,"href":"https:\/\/www.uninter.com\/radio\/wp-json\/wp\/v2\/users\/3"}],"replies":[{"embeddable":true,"href":"https:\/\/www.uninter.com\/radio\/wp-json\/wp\/v2\/comments?post=36887"}],"version-history":[{"count":2,"href":"https:\/\/www.uninter.com\/radio\/wp-json\/wp\/v2\/posts\/36887\/revisions"}],"predecessor-version":[{"id":36890,"href":"https:\/\/www.uninter.com\/radio\/wp-json\/wp\/v2\/posts\/36887\/revisions\/36890"}],"wp:featuredmedia":[{"embeddable":true,"href":"https:\/\/www.uninter.com\/radio\/wp-json\/wp\/v2\/media\/31088"}],"wp:attachment":[{"href":"https:\/\/www.uninter.com\/radio\/wp-json\/wp\/v2\/media?parent=36887"}],"wp:term":[{"taxonomy":"category","embeddable":true,"href":"https:\/\/www.uninter.com\/radio\/wp-json\/wp\/v2\/categories?post=36887"},{"taxonomy":"post_tag","embeddable":true,"href":"https:\/\/www.uninter.com\/radio\/wp-json\/wp\/v2\/tags?post=36887"}],"curies":[{"name":"wp","href":"https:\/\/api.w.org\/{rel}","templated":true}]}}