{"id":36881,"date":"2024-06-18T17:36:27","date_gmt":"2024-06-18T20:36:27","guid":{"rendered":"https:\/\/www.uninter.com\/radio\/?p=36881"},"modified":"2024-06-18T17:36:28","modified_gmt":"2024-06-18T20:36:28","slug":"conexao-academica-atividades-extensionistas-uma-necessidade-curricular-da-graduacao","status":"publish","type":"post","link":"https:\/\/www.uninter.com\/radio\/conexao-academica-atividades-extensionistas-uma-necessidade-curricular-da-graduacao","title":{"rendered":"Conex\u00e3o Acad\u00eamica | Atividades extensionistas: uma necessidade curricular da gradua\u00e7\u00e3o"},"content":{"rendered":"\n<figure class=\"wp-block-audio\"><audio controls src=\"https:\/\/www.uninter.com\/radio\/wp-content\/uploads\/2024\/06\/conexao-academica-06-06-2024.mp3\"><\/audio><\/figure>\n\n\n\n<p>No pr\u00f3ximo epis\u00f3dio do Conex\u00e3o Acad\u00eamica vamos receber a professora Rosinda Silva e conversar sobre a import\u00e2ncia das atividades extensionistas na grade de disciplinas do seu curso e como ela enriquece a experi\u00eancia acad\u00eamica. A apresenta\u00e7\u00e3o \u00e9 de Helenice Jamur.<\/p>\n","protected":false},"excerpt":{"rendered":"<p>No pr\u00f3ximo epis\u00f3dio do Conex\u00e3o Acad\u00eamica vamos receber a professora Rosinda Silva e conversar sobre&#8230;<\/p>\n","protected":false},"author":3,"featured_media":36421,"comment_status":"open","ping_status":"open","sticky":false,"template":"","format":"standard","meta":[],"categories":[2849],"tags":[],"_links":{"self":[{"href":"https:\/\/www.uninter.com\/radio\/wp-json\/wp\/v2\/posts\/36881"}],"collection":[{"href":"https:\/\/www.uninter.com\/radio\/wp-json\/wp\/v2\/posts"}],"about":[{"href":"https:\/\/www.uninter.com\/radio\/wp-json\/wp\/v2\/types\/post"}],"author":[{"embeddable":true,"href":"https:\/\/www.uninter.com\/radio\/wp-json\/wp\/v2\/users\/3"}],"replies":[{"embeddable":true,"href":"https:\/\/www.uninter.com\/radio\/wp-json\/wp\/v2\/comments?post=36881"}],"version-history":[{"count":1,"href":"https:\/\/www.uninter.com\/radio\/wp-json\/wp\/v2\/posts\/36881\/revisions"}],"predecessor-version":[{"id":36883,"href":"https:\/\/www.uninter.com\/radio\/wp-json\/wp\/v2\/posts\/36881\/revisions\/36883"}],"wp:featuredmedia":[{"embeddable":true,"href":"https:\/\/www.uninter.com\/radio\/wp-json\/wp\/v2\/media\/36421"}],"wp:attachment":[{"href":"https:\/\/www.uninter.com\/radio\/wp-json\/wp\/v2\/media?parent=36881"}],"wp:term":[{"taxonomy":"category","embeddable":true,"href":"https:\/\/www.uninter.com\/radio\/wp-json\/wp\/v2\/categories?post=36881"},{"taxonomy":"post_tag","embeddable":true,"href":"https:\/\/www.uninter.com\/radio\/wp-json\/wp\/v2\/tags?post=36881"}],"curies":[{"name":"wp","href":"https:\/\/api.w.org\/{rel}","templated":true}]}}