{"id":36878,"date":"2024-06-18T17:35:14","date_gmt":"2024-06-18T20:35:14","guid":{"rendered":"https:\/\/www.uninter.com\/radio\/?p=36878"},"modified":"2024-06-18T17:35:16","modified_gmt":"2024-06-18T20:35:16","slug":"chave-interdisciplinar-pensamento-computacional-no-contexto-educacional-brasileiro","status":"publish","type":"post","link":"https:\/\/www.uninter.com\/radio\/chave-interdisciplinar-pensamento-computacional-no-contexto-educacional-brasileiro","title":{"rendered":"Chave Interdisciplinar | Pensamento computacional no contexto educacional brasileiro"},"content":{"rendered":"\n<figure class=\"wp-block-audio\"><audio controls src=\"https:\/\/www.uninter.com\/radio\/wp-content\/uploads\/2024\/06\/chave-06-06-2024.mp3\"><\/audio><\/figure>\n\n\n\n<p>O programa Chave Interdisciplinar dessa semana debate o pensamento computacional no contexto educacional brasileiro a partir de seu conceito, de exemplos e de pr\u00e1ticas bem-sucedidas. Para o bate-papo recebemos os professores da \u00e1rea de exatas da Uninter Fl\u00e1via Sucheck e \u00c9lcio Miguel Prus.<\/p>\n","protected":false},"excerpt":{"rendered":"<p>O programa Chave Interdisciplinar dessa semana debate o pensamento computacional no contexto educacional brasileiro a&#8230;<\/p>\n","protected":false},"author":3,"featured_media":33668,"comment_status":"open","ping_status":"open","sticky":false,"template":"","format":"standard","meta":[],"categories":[2735],"tags":[],"_links":{"self":[{"href":"https:\/\/www.uninter.com\/radio\/wp-json\/wp\/v2\/posts\/36878"}],"collection":[{"href":"https:\/\/www.uninter.com\/radio\/wp-json\/wp\/v2\/posts"}],"about":[{"href":"https:\/\/www.uninter.com\/radio\/wp-json\/wp\/v2\/types\/post"}],"author":[{"embeddable":true,"href":"https:\/\/www.uninter.com\/radio\/wp-json\/wp\/v2\/users\/3"}],"replies":[{"embeddable":true,"href":"https:\/\/www.uninter.com\/radio\/wp-json\/wp\/v2\/comments?post=36878"}],"version-history":[{"count":1,"href":"https:\/\/www.uninter.com\/radio\/wp-json\/wp\/v2\/posts\/36878\/revisions"}],"predecessor-version":[{"id":36880,"href":"https:\/\/www.uninter.com\/radio\/wp-json\/wp\/v2\/posts\/36878\/revisions\/36880"}],"wp:featuredmedia":[{"embeddable":true,"href":"https:\/\/www.uninter.com\/radio\/wp-json\/wp\/v2\/media\/33668"}],"wp:attachment":[{"href":"https:\/\/www.uninter.com\/radio\/wp-json\/wp\/v2\/media?parent=36878"}],"wp:term":[{"taxonomy":"category","embeddable":true,"href":"https:\/\/www.uninter.com\/radio\/wp-json\/wp\/v2\/categories?post=36878"},{"taxonomy":"post_tag","embeddable":true,"href":"https:\/\/www.uninter.com\/radio\/wp-json\/wp\/v2\/tags?post=36878"}],"curies":[{"name":"wp","href":"https:\/\/api.w.org\/{rel}","templated":true}]}}