{"id":36869,"date":"2024-06-18T17:28:17","date_gmt":"2024-06-18T20:28:17","guid":{"rendered":"https:\/\/www.uninter.com\/radio\/?p=36869"},"modified":"2024-06-18T17:28:18","modified_gmt":"2024-06-18T20:28:18","slug":"atualidades-da-educacao-personalizacao-da-aprendizagem","status":"publish","type":"post","link":"https:\/\/www.uninter.com\/radio\/atualidades-da-educacao-personalizacao-da-aprendizagem","title":{"rendered":"Atualidades da Educa\u00e7\u00e3o | Personaliza\u00e7\u00e3o da aprendizagem"},"content":{"rendered":"\n<figure class=\"wp-block-audio\"><audio controls src=\"https:\/\/www.uninter.com\/radio\/wp-content\/uploads\/2024\/06\/atualidades-da-educacao-05-06-2024.mp3\"><\/audio><\/figure>\n\n\n\n<p>Essa semana o Atualidades da Educa\u00e7\u00e3o debate o conceito de personaliza\u00e7\u00e3o da aprendizagem e como ele est\u00e1 revolucionando o setor educacional. A conversa conta com a presen\u00e7a dos professores Alvino Moser, Armando Kolbe Jr e Luis Fernando Lopes.<\/p>\n","protected":false},"excerpt":{"rendered":"<p>Essa semana o Atualidades da Educa\u00e7\u00e3o debate o conceito de personaliza\u00e7\u00e3o da aprendizagem e como&#8230;<\/p>\n","protected":false},"author":3,"featured_media":33674,"comment_status":"open","ping_status":"open","sticky":false,"template":"","format":"standard","meta":[],"categories":[2760],"tags":[],"_links":{"self":[{"href":"https:\/\/www.uninter.com\/radio\/wp-json\/wp\/v2\/posts\/36869"}],"collection":[{"href":"https:\/\/www.uninter.com\/radio\/wp-json\/wp\/v2\/posts"}],"about":[{"href":"https:\/\/www.uninter.com\/radio\/wp-json\/wp\/v2\/types\/post"}],"author":[{"embeddable":true,"href":"https:\/\/www.uninter.com\/radio\/wp-json\/wp\/v2\/users\/3"}],"replies":[{"embeddable":true,"href":"https:\/\/www.uninter.com\/radio\/wp-json\/wp\/v2\/comments?post=36869"}],"version-history":[{"count":1,"href":"https:\/\/www.uninter.com\/radio\/wp-json\/wp\/v2\/posts\/36869\/revisions"}],"predecessor-version":[{"id":36871,"href":"https:\/\/www.uninter.com\/radio\/wp-json\/wp\/v2\/posts\/36869\/revisions\/36871"}],"wp:featuredmedia":[{"embeddable":true,"href":"https:\/\/www.uninter.com\/radio\/wp-json\/wp\/v2\/media\/33674"}],"wp:attachment":[{"href":"https:\/\/www.uninter.com\/radio\/wp-json\/wp\/v2\/media?parent=36869"}],"wp:term":[{"taxonomy":"category","embeddable":true,"href":"https:\/\/www.uninter.com\/radio\/wp-json\/wp\/v2\/categories?post=36869"},{"taxonomy":"post_tag","embeddable":true,"href":"https:\/\/www.uninter.com\/radio\/wp-json\/wp\/v2\/tags?post=36869"}],"curies":[{"name":"wp","href":"https:\/\/api.w.org\/{rel}","templated":true}]}}