{"id":36847,"date":"2024-06-14T14:27:15","date_gmt":"2024-06-14T17:27:15","guid":{"rendered":"https:\/\/www.uninter.com\/radio\/?p=36847"},"modified":"2024-06-14T14:30:33","modified_gmt":"2024-06-14T17:30:33","slug":"papo-castico-boi-bumba-expressao-da-negritude-no-auto-do-boi","status":"publish","type":"post","link":"https:\/\/www.uninter.com\/radio\/papo-castico-boi-bumba-expressao-da-negritude-no-auto-do-boi","title":{"rendered":"Papo Casti\u00e7o | Boi-Bumb\u00e1: express\u00e3o da negritude no auto do boi"},"content":{"rendered":"\n<figure class=\"wp-block-audio\"><audio controls src=\"https:\/\/www.uninter.com\/radio\/wp-content\/uploads\/2024\/06\/papo-castico-29-04-2024.mp3\"><\/audio><\/figure>\n\n\n\n<p>Nessa semana o programa Papo Casti\u00e7o vai contar a hist\u00f3ria do Boi-Bumb\u00e1 e a inser\u00e7\u00e3o do negro dentro da festividade. Tamb\u00e9m vamos discorrer sobre a presen\u00e7a do negro na constru\u00e7\u00e3o do povo amazonense e sua express\u00e3o. Para a conversa Joice Diaz recebe Kelyson dos Santos Castro e F\u00e1bio Gon\u00e7alves Modesto, que interpretam os personagens Gazumb\u00e1 e Pai Francisci na festividade.<\/p>\n","protected":false},"excerpt":{"rendered":"<p>Nessa semana o programa Papo Casti\u00e7o vai contar a hist\u00f3ria do Boi-Bumb\u00e1 e a inser\u00e7\u00e3o&#8230;<\/p>\n","protected":false},"author":3,"featured_media":34252,"comment_status":"open","ping_status":"open","sticky":false,"template":"","format":"standard","meta":[],"categories":[2841],"tags":[],"_links":{"self":[{"href":"https:\/\/www.uninter.com\/radio\/wp-json\/wp\/v2\/posts\/36847"}],"collection":[{"href":"https:\/\/www.uninter.com\/radio\/wp-json\/wp\/v2\/posts"}],"about":[{"href":"https:\/\/www.uninter.com\/radio\/wp-json\/wp\/v2\/types\/post"}],"author":[{"embeddable":true,"href":"https:\/\/www.uninter.com\/radio\/wp-json\/wp\/v2\/users\/3"}],"replies":[{"embeddable":true,"href":"https:\/\/www.uninter.com\/radio\/wp-json\/wp\/v2\/comments?post=36847"}],"version-history":[{"count":1,"href":"https:\/\/www.uninter.com\/radio\/wp-json\/wp\/v2\/posts\/36847\/revisions"}],"predecessor-version":[{"id":36849,"href":"https:\/\/www.uninter.com\/radio\/wp-json\/wp\/v2\/posts\/36847\/revisions\/36849"}],"wp:featuredmedia":[{"embeddable":true,"href":"https:\/\/www.uninter.com\/radio\/wp-json\/wp\/v2\/media\/34252"}],"wp:attachment":[{"href":"https:\/\/www.uninter.com\/radio\/wp-json\/wp\/v2\/media?parent=36847"}],"wp:term":[{"taxonomy":"category","embeddable":true,"href":"https:\/\/www.uninter.com\/radio\/wp-json\/wp\/v2\/categories?post=36847"},{"taxonomy":"post_tag","embeddable":true,"href":"https:\/\/www.uninter.com\/radio\/wp-json\/wp\/v2\/tags?post=36847"}],"curies":[{"name":"wp","href":"https:\/\/api.w.org\/{rel}","templated":true}]}}