{"id":36845,"date":"2024-06-14T14:25:46","date_gmt":"2024-06-14T17:25:46","guid":{"rendered":"https:\/\/www.uninter.com\/radio\/?p=36845"},"modified":"2024-06-14T14:30:17","modified_gmt":"2024-06-14T17:30:17","slug":"segredos-da-arquitetura-e-do-design-arquitetura-e-maternidade","status":"publish","type":"post","link":"https:\/\/www.uninter.com\/radio\/segredos-da-arquitetura-e-do-design-arquitetura-e-maternidade","title":{"rendered":"Segredos da Arquitetura e do Design | Arquitetura e maternidade"},"content":{"rendered":"\n<figure class=\"wp-block-audio\"><audio controls src=\"blob:https:\/\/www.uninter.com\/a4a2d603-022a-4747-8f41-66b2265e66e9\"><\/audio><\/figure>\n\n\n\n<p>Maio \u00e9 o m\u00eas das m\u00e3es, e em homenagem a todas arquitetas e designers m\u00e3es, vamos bater um papo sobre arquitetura e maternidade! O que muda no dia a dia de trabalho com a maternidade? Quais os desafios enfrentados? Para a conversa, Scharlise Minte recebe a arquiteta e urbanista Amanda Mello, e a psic\u00f3loga cl\u00ednica Ana Claudia Erthal.<\/p>\n","protected":false},"excerpt":{"rendered":"<p>Maio \u00e9 o m\u00eas das m\u00e3es, e em homenagem a todas arquitetas e designers m\u00e3es,&#8230;<\/p>\n","protected":false},"author":3,"featured_media":35326,"comment_status":"open","ping_status":"open","sticky":false,"template":"","format":"standard","meta":[],"categories":[2709],"tags":[],"_links":{"self":[{"href":"https:\/\/www.uninter.com\/radio\/wp-json\/wp\/v2\/posts\/36845"}],"collection":[{"href":"https:\/\/www.uninter.com\/radio\/wp-json\/wp\/v2\/posts"}],"about":[{"href":"https:\/\/www.uninter.com\/radio\/wp-json\/wp\/v2\/types\/post"}],"author":[{"embeddable":true,"href":"https:\/\/www.uninter.com\/radio\/wp-json\/wp\/v2\/users\/3"}],"replies":[{"embeddable":true,"href":"https:\/\/www.uninter.com\/radio\/wp-json\/wp\/v2\/comments?post=36845"}],"version-history":[{"count":1,"href":"https:\/\/www.uninter.com\/radio\/wp-json\/wp\/v2\/posts\/36845\/revisions"}],"predecessor-version":[{"id":36846,"href":"https:\/\/www.uninter.com\/radio\/wp-json\/wp\/v2\/posts\/36845\/revisions\/36846"}],"wp:featuredmedia":[{"embeddable":true,"href":"https:\/\/www.uninter.com\/radio\/wp-json\/wp\/v2\/media\/35326"}],"wp:attachment":[{"href":"https:\/\/www.uninter.com\/radio\/wp-json\/wp\/v2\/media?parent=36845"}],"wp:term":[{"taxonomy":"category","embeddable":true,"href":"https:\/\/www.uninter.com\/radio\/wp-json\/wp\/v2\/categories?post=36845"},{"taxonomy":"post_tag","embeddable":true,"href":"https:\/\/www.uninter.com\/radio\/wp-json\/wp\/v2\/tags?post=36845"}],"curies":[{"name":"wp","href":"https:\/\/api.w.org\/{rel}","templated":true}]}}