{"id":36824,"date":"2024-06-14T12:32:09","date_gmt":"2024-06-14T15:32:09","guid":{"rendered":"https:\/\/www.uninter.com\/radio\/?p=36824"},"modified":"2024-06-14T12:32:10","modified_gmt":"2024-06-14T15:32:10","slug":"negocios-e-tendencias-inclusao-e-formacao-vivencia-de-uma-especialista","status":"publish","type":"post","link":"https:\/\/www.uninter.com\/radio\/negocios-e-tendencias-inclusao-e-formacao-vivencia-de-uma-especialista","title":{"rendered":"Neg\u00f3cios e Tend\u00eancias | Inclus\u00e3o e forma\u00e7\u00e3o: viv\u00eancia de uma especialista"},"content":{"rendered":"\n<figure class=\"wp-block-audio\"><audio controls src=\"https:\/\/www.uninter.com\/radio\/wp-content\/uploads\/2024\/06\/negocios-e-tendencias-24-05-2024.mp3\"><\/audio><\/figure>\n\n\n\n<p>O Neg\u00f3cios e Tend\u00eancias dessa semana traz uma vis\u00e3o \u00edntima e informativa sobre a inclus\u00e3o e a forma\u00e7\u00e3o educacional a partir da viv\u00eancia de uma especialista na \u00e1rea, falando sobre pr\u00e1ticas, desafios e triunfos na promo\u00e7\u00e3o de uma educa\u00e7\u00e3o inclusiva que beneficia a todos. Para a conversa recebemos Celso Giancarlo Duarte, Henrique Giannini e Gisele Azevedo, integrante da Coordena\u00e7\u00e3o de Extens\u00e3o e Assuntos Comunit\u00e1rios.<\/p>\n","protected":false},"excerpt":{"rendered":"<p>O Neg\u00f3cios e Tend\u00eancias dessa semana traz uma vis\u00e3o \u00edntima e informativa sobre a inclus\u00e3o&#8230;<\/p>\n","protected":false},"author":3,"featured_media":33694,"comment_status":"open","ping_status":"open","sticky":false,"template":"","format":"standard","meta":[],"categories":[2698],"tags":[],"_links":{"self":[{"href":"https:\/\/www.uninter.com\/radio\/wp-json\/wp\/v2\/posts\/36824"}],"collection":[{"href":"https:\/\/www.uninter.com\/radio\/wp-json\/wp\/v2\/posts"}],"about":[{"href":"https:\/\/www.uninter.com\/radio\/wp-json\/wp\/v2\/types\/post"}],"author":[{"embeddable":true,"href":"https:\/\/www.uninter.com\/radio\/wp-json\/wp\/v2\/users\/3"}],"replies":[{"embeddable":true,"href":"https:\/\/www.uninter.com\/radio\/wp-json\/wp\/v2\/comments?post=36824"}],"version-history":[{"count":1,"href":"https:\/\/www.uninter.com\/radio\/wp-json\/wp\/v2\/posts\/36824\/revisions"}],"predecessor-version":[{"id":36827,"href":"https:\/\/www.uninter.com\/radio\/wp-json\/wp\/v2\/posts\/36824\/revisions\/36827"}],"wp:featuredmedia":[{"embeddable":true,"href":"https:\/\/www.uninter.com\/radio\/wp-json\/wp\/v2\/media\/33694"}],"wp:attachment":[{"href":"https:\/\/www.uninter.com\/radio\/wp-json\/wp\/v2\/media?parent=36824"}],"wp:term":[{"taxonomy":"category","embeddable":true,"href":"https:\/\/www.uninter.com\/radio\/wp-json\/wp\/v2\/categories?post=36824"},{"taxonomy":"post_tag","embeddable":true,"href":"https:\/\/www.uninter.com\/radio\/wp-json\/wp\/v2\/tags?post=36824"}],"curies":[{"name":"wp","href":"https:\/\/api.w.org\/{rel}","templated":true}]}}