{"id":36805,"date":"2024-06-14T11:35:10","date_gmt":"2024-06-14T14:35:10","guid":{"rendered":"https:\/\/www.uninter.com\/radio\/?p=36805"},"modified":"2024-06-14T11:35:11","modified_gmt":"2024-06-14T14:35:11","slug":"cafe-e-conhecimento-como-o-teatro-pode-contribuir-com-o-direito","status":"publish","type":"post","link":"https:\/\/www.uninter.com\/radio\/cafe-e-conhecimento-como-o-teatro-pode-contribuir-com-o-direito","title":{"rendered":"Caf\u00e9 e Conhecimento | Como o teatro pode contribuir com o Direito?"},"content":{"rendered":"\n<figure class=\"wp-block-audio\"><audio controls src=\"https:\/\/www.uninter.com\/radio\/wp-content\/uploads\/2024\/06\/cafe-22-05-2024.mp3\"><\/audio><\/figure>\n\n\n\n<p>O teatro e o Direito podem se complementar de maneiras significativas, com o teatro oferecendo t\u00e9cnicas e abordagens que podem melhorar a comunica\u00e7\u00e3o, a compreens\u00e3o emp\u00e1tica e a aplica\u00e7\u00e3o pr\u00e1tica do Direito. Vamos abordar este tema no Caf\u00e9 e Conhecimento dessa semana, e para o bate-papo, DanieleFarinhas recebe o ator, diretos e professor de teatro Chico Pennafiel.<\/p>\n","protected":false},"excerpt":{"rendered":"<p>O teatro e o Direito podem se complementar de maneiras significativas, com o teatro oferecendo&#8230;<\/p>\n","protected":false},"author":3,"featured_media":33850,"comment_status":"open","ping_status":"open","sticky":false,"template":"","format":"standard","meta":[],"categories":[2839],"tags":[],"_links":{"self":[{"href":"https:\/\/www.uninter.com\/radio\/wp-json\/wp\/v2\/posts\/36805"}],"collection":[{"href":"https:\/\/www.uninter.com\/radio\/wp-json\/wp\/v2\/posts"}],"about":[{"href":"https:\/\/www.uninter.com\/radio\/wp-json\/wp\/v2\/types\/post"}],"author":[{"embeddable":true,"href":"https:\/\/www.uninter.com\/radio\/wp-json\/wp\/v2\/users\/3"}],"replies":[{"embeddable":true,"href":"https:\/\/www.uninter.com\/radio\/wp-json\/wp\/v2\/comments?post=36805"}],"version-history":[{"count":1,"href":"https:\/\/www.uninter.com\/radio\/wp-json\/wp\/v2\/posts\/36805\/revisions"}],"predecessor-version":[{"id":36807,"href":"https:\/\/www.uninter.com\/radio\/wp-json\/wp\/v2\/posts\/36805\/revisions\/36807"}],"wp:featuredmedia":[{"embeddable":true,"href":"https:\/\/www.uninter.com\/radio\/wp-json\/wp\/v2\/media\/33850"}],"wp:attachment":[{"href":"https:\/\/www.uninter.com\/radio\/wp-json\/wp\/v2\/media?parent=36805"}],"wp:term":[{"taxonomy":"category","embeddable":true,"href":"https:\/\/www.uninter.com\/radio\/wp-json\/wp\/v2\/categories?post=36805"},{"taxonomy":"post_tag","embeddable":true,"href":"https:\/\/www.uninter.com\/radio\/wp-json\/wp\/v2\/tags?post=36805"}],"curies":[{"name":"wp","href":"https:\/\/api.w.org\/{rel}","templated":true}]}}