{"id":36788,"date":"2024-05-29T17:23:07","date_gmt":"2024-05-29T20:23:07","guid":{"rendered":"https:\/\/www.uninter.com\/radio\/?p=36788"},"modified":"2024-05-29T17:23:08","modified_gmt":"2024-05-29T20:23:08","slug":"negocios-e-tendencias-fuga-de-cerebros","status":"publish","type":"post","link":"https:\/\/www.uninter.com\/radio\/negocios-e-tendencias-fuga-de-cerebros","title":{"rendered":"Neg\u00f3cios e Tend\u00eancias | Fuga de c\u00e9rebros"},"content":{"rendered":"\n<figure class=\"wp-block-audio\"><audio controls src=\"https:\/\/www.uninter.com\/radio\/wp-content\/uploads\/2024\/05\/negocios-e-tendencias-17-05-2024.mp3\"><\/audio><\/figure>\n\n\n\n<p>A express\u00e3o &#8220;fuga de c\u00e9rebros&#8221; refere-se ao fen\u00f4meno em que profissionais altamente qualificados, como cientistas, engenheiros, m\u00e9dicos e pesquisadores, deixam seus pa\u00edses de origem em busca de oportunidades de trabalho, educa\u00e7\u00e3o ou qualidade de vida em outros pa\u00edses. Vamos falar mais sobre esse termo no Neg\u00f3cios e Tend\u00eancias dessa semana, com as professoras Caroline Brasil, Oriana Gaio e Tatiane Brazilio.<\/p>\n","protected":false},"excerpt":{"rendered":"<p>A express\u00e3o &#8220;fuga de c\u00e9rebros&#8221; refere-se ao fen\u00f4meno em que profissionais altamente qualificados, como cientistas,&#8230;<\/p>\n","protected":false},"author":3,"featured_media":33694,"comment_status":"open","ping_status":"open","sticky":false,"template":"","format":"standard","meta":[],"categories":[2698],"tags":[],"_links":{"self":[{"href":"https:\/\/www.uninter.com\/radio\/wp-json\/wp\/v2\/posts\/36788"}],"collection":[{"href":"https:\/\/www.uninter.com\/radio\/wp-json\/wp\/v2\/posts"}],"about":[{"href":"https:\/\/www.uninter.com\/radio\/wp-json\/wp\/v2\/types\/post"}],"author":[{"embeddable":true,"href":"https:\/\/www.uninter.com\/radio\/wp-json\/wp\/v2\/users\/3"}],"replies":[{"embeddable":true,"href":"https:\/\/www.uninter.com\/radio\/wp-json\/wp\/v2\/comments?post=36788"}],"version-history":[{"count":1,"href":"https:\/\/www.uninter.com\/radio\/wp-json\/wp\/v2\/posts\/36788\/revisions"}],"predecessor-version":[{"id":36790,"href":"https:\/\/www.uninter.com\/radio\/wp-json\/wp\/v2\/posts\/36788\/revisions\/36790"}],"wp:featuredmedia":[{"embeddable":true,"href":"https:\/\/www.uninter.com\/radio\/wp-json\/wp\/v2\/media\/33694"}],"wp:attachment":[{"href":"https:\/\/www.uninter.com\/radio\/wp-json\/wp\/v2\/media?parent=36788"}],"wp:term":[{"taxonomy":"category","embeddable":true,"href":"https:\/\/www.uninter.com\/radio\/wp-json\/wp\/v2\/categories?post=36788"},{"taxonomy":"post_tag","embeddable":true,"href":"https:\/\/www.uninter.com\/radio\/wp-json\/wp\/v2\/tags?post=36788"}],"curies":[{"name":"wp","href":"https:\/\/api.w.org\/{rel}","templated":true}]}}