{"id":36785,"date":"2024-05-29T17:19:46","date_gmt":"2024-05-29T20:19:46","guid":{"rendered":"https:\/\/www.uninter.com\/radio\/?p=36785"},"modified":"2024-05-29T17:19:48","modified_gmt":"2024-05-29T20:19:48","slug":"conexao-academica-primeiros-passos-na-ead-com-a-ambientacao-inicial","status":"publish","type":"post","link":"https:\/\/www.uninter.com\/radio\/conexao-academica-primeiros-passos-na-ead-com-a-ambientacao-inicial","title":{"rendered":"Conex\u00e3o Acad\u00eamica | Primeiros passos na EAD com a ambienta\u00e7\u00e3o inicial"},"content":{"rendered":"\n<figure class=\"wp-block-audio\"><audio controls src=\"https:\/\/www.uninter.com\/radio\/wp-content\/uploads\/2024\/05\/conexao-academica-16-05-2024.mp3\"><\/audio><\/figure>\n\n\n\n<p>Nessa semana, no Conex\u00e3o Acad\u00eamica, vamos explorar novos horizontes na educa\u00e7\u00e3o a dist\u00e2ncia, desbravando os primeiros passos na EAD da Uninter. Para a conversa, Helenice Jamur recebe a coordenadora da equipe de atendimento online da CMA Daiane Oliveira.<\/p>\n","protected":false},"excerpt":{"rendered":"<p>Nessa semana, no Conex\u00e3o Acad\u00eamica, vamos explorar novos horizontes na educa\u00e7\u00e3o a dist\u00e2ncia, desbravando os&#8230;<\/p>\n","protected":false},"author":3,"featured_media":36421,"comment_status":"open","ping_status":"open","sticky":false,"template":"","format":"standard","meta":[],"categories":[2849],"tags":[],"_links":{"self":[{"href":"https:\/\/www.uninter.com\/radio\/wp-json\/wp\/v2\/posts\/36785"}],"collection":[{"href":"https:\/\/www.uninter.com\/radio\/wp-json\/wp\/v2\/posts"}],"about":[{"href":"https:\/\/www.uninter.com\/radio\/wp-json\/wp\/v2\/types\/post"}],"author":[{"embeddable":true,"href":"https:\/\/www.uninter.com\/radio\/wp-json\/wp\/v2\/users\/3"}],"replies":[{"embeddable":true,"href":"https:\/\/www.uninter.com\/radio\/wp-json\/wp\/v2\/comments?post=36785"}],"version-history":[{"count":1,"href":"https:\/\/www.uninter.com\/radio\/wp-json\/wp\/v2\/posts\/36785\/revisions"}],"predecessor-version":[{"id":36787,"href":"https:\/\/www.uninter.com\/radio\/wp-json\/wp\/v2\/posts\/36785\/revisions\/36787"}],"wp:featuredmedia":[{"embeddable":true,"href":"https:\/\/www.uninter.com\/radio\/wp-json\/wp\/v2\/media\/36421"}],"wp:attachment":[{"href":"https:\/\/www.uninter.com\/radio\/wp-json\/wp\/v2\/media?parent=36785"}],"wp:term":[{"taxonomy":"category","embeddable":true,"href":"https:\/\/www.uninter.com\/radio\/wp-json\/wp\/v2\/categories?post=36785"},{"taxonomy":"post_tag","embeddable":true,"href":"https:\/\/www.uninter.com\/radio\/wp-json\/wp\/v2\/tags?post=36785"}],"curies":[{"name":"wp","href":"https:\/\/api.w.org\/{rel}","templated":true}]}}