{"id":36776,"date":"2024-05-29T17:14:44","date_gmt":"2024-05-29T20:14:44","guid":{"rendered":"https:\/\/www.uninter.com\/radio\/?p=36776"},"modified":"2024-05-29T17:14:45","modified_gmt":"2024-05-29T20:14:45","slug":"atualidades-da-educacao-os-dons-do-espirito-santo","status":"publish","type":"post","link":"https:\/\/www.uninter.com\/radio\/atualidades-da-educacao-os-dons-do-espirito-santo","title":{"rendered":"Atualidades da Educa\u00e7\u00e3o | Os dons do Esp\u00edrito Santo"},"content":{"rendered":"\n<figure class=\"wp-block-audio\"><audio controls src=\"https:\/\/www.uninter.com\/radio\/wp-content\/uploads\/2024\/05\/atualidades-da-educacao-14-05-2024.mp3\"><\/audio><\/figure>\n\n\n\n<p>Atualidades da ENa tradi\u00e7\u00e3o crist\u00e3, os dons do Esp\u00edrito Santo s\u00e3o habilidades, poderes e gra\u00e7as especiais concedidos aos fi\u00e9is pelo Esp\u00edrito Santo para fortalecer a f\u00e9, edificar a comunidade crist\u00e3 e realizar a miss\u00e3o da igreja. Vamos falar sobre esse tema no Atualidades da Educa\u00e7\u00e3o dessa semana, com os professores Alvino Moser, Lu\u00eds Fernando Lopes e M\u00e1rcio Pelinski.<\/p>\n","protected":false},"excerpt":{"rendered":"<p>Atualidades da ENa tradi\u00e7\u00e3o crist\u00e3, os dons do Esp\u00edrito Santo s\u00e3o habilidades, poderes e gra\u00e7as&#8230;<\/p>\n","protected":false},"author":3,"featured_media":33674,"comment_status":"open","ping_status":"open","sticky":false,"template":"","format":"standard","meta":[],"categories":[2760],"tags":[],"_links":{"self":[{"href":"https:\/\/www.uninter.com\/radio\/wp-json\/wp\/v2\/posts\/36776"}],"collection":[{"href":"https:\/\/www.uninter.com\/radio\/wp-json\/wp\/v2\/posts"}],"about":[{"href":"https:\/\/www.uninter.com\/radio\/wp-json\/wp\/v2\/types\/post"}],"author":[{"embeddable":true,"href":"https:\/\/www.uninter.com\/radio\/wp-json\/wp\/v2\/users\/3"}],"replies":[{"embeddable":true,"href":"https:\/\/www.uninter.com\/radio\/wp-json\/wp\/v2\/comments?post=36776"}],"version-history":[{"count":1,"href":"https:\/\/www.uninter.com\/radio\/wp-json\/wp\/v2\/posts\/36776\/revisions"}],"predecessor-version":[{"id":36778,"href":"https:\/\/www.uninter.com\/radio\/wp-json\/wp\/v2\/posts\/36776\/revisions\/36778"}],"wp:featuredmedia":[{"embeddable":true,"href":"https:\/\/www.uninter.com\/radio\/wp-json\/wp\/v2\/media\/33674"}],"wp:attachment":[{"href":"https:\/\/www.uninter.com\/radio\/wp-json\/wp\/v2\/media?parent=36776"}],"wp:term":[{"taxonomy":"category","embeddable":true,"href":"https:\/\/www.uninter.com\/radio\/wp-json\/wp\/v2\/categories?post=36776"},{"taxonomy":"post_tag","embeddable":true,"href":"https:\/\/www.uninter.com\/radio\/wp-json\/wp\/v2\/tags?post=36776"}],"curies":[{"name":"wp","href":"https:\/\/api.w.org\/{rel}","templated":true}]}}