{"id":36773,"date":"2024-05-29T17:11:53","date_gmt":"2024-05-29T20:11:53","guid":{"rendered":"https:\/\/www.uninter.com\/radio\/?p=36773"},"modified":"2024-05-29T17:11:54","modified_gmt":"2024-05-29T20:11:54","slug":"papo-castico-celebrando-a-cultura-afro-com-mae-cristina","status":"publish","type":"post","link":"https:\/\/www.uninter.com\/radio\/papo-castico-celebrando-a-cultura-afro-com-mae-cristina","title":{"rendered":"Papo Casti\u00e7o | Celebrando a cultura Afro com M\u00e3e Cristina"},"content":{"rendered":"\n<figure class=\"wp-block-audio\"><audio controls src=\"https:\/\/www.uninter.com\/radio\/wp-content\/uploads\/2024\/05\/papocastico15-05-2024_out.mp3\"><\/audio><\/figure>\n\n\n\n<p>Nessa semana o programa Papo Casti\u00e7o celebra a cultura Afro, sua influ\u00eancia e valores. Para a conversa, Joice Diaz recebe M\u00e3e Cristina, s\u00f3cia fundadora da Associa\u00e7\u00e3o Ojinj\u00e9.<\/p>\n","protected":false},"excerpt":{"rendered":"<p>Nessa semana o programa Papo Casti\u00e7o celebra a cultura Afro, sua influ\u00eancia e valores. Para&#8230;<\/p>\n","protected":false},"author":3,"featured_media":34252,"comment_status":"open","ping_status":"open","sticky":false,"template":"","format":"standard","meta":[],"categories":[2841],"tags":[],"_links":{"self":[{"href":"https:\/\/www.uninter.com\/radio\/wp-json\/wp\/v2\/posts\/36773"}],"collection":[{"href":"https:\/\/www.uninter.com\/radio\/wp-json\/wp\/v2\/posts"}],"about":[{"href":"https:\/\/www.uninter.com\/radio\/wp-json\/wp\/v2\/types\/post"}],"author":[{"embeddable":true,"href":"https:\/\/www.uninter.com\/radio\/wp-json\/wp\/v2\/users\/3"}],"replies":[{"embeddable":true,"href":"https:\/\/www.uninter.com\/radio\/wp-json\/wp\/v2\/comments?post=36773"}],"version-history":[{"count":1,"href":"https:\/\/www.uninter.com\/radio\/wp-json\/wp\/v2\/posts\/36773\/revisions"}],"predecessor-version":[{"id":36775,"href":"https:\/\/www.uninter.com\/radio\/wp-json\/wp\/v2\/posts\/36773\/revisions\/36775"}],"wp:featuredmedia":[{"embeddable":true,"href":"https:\/\/www.uninter.com\/radio\/wp-json\/wp\/v2\/media\/34252"}],"wp:attachment":[{"href":"https:\/\/www.uninter.com\/radio\/wp-json\/wp\/v2\/media?parent=36773"}],"wp:term":[{"taxonomy":"category","embeddable":true,"href":"https:\/\/www.uninter.com\/radio\/wp-json\/wp\/v2\/categories?post=36773"},{"taxonomy":"post_tag","embeddable":true,"href":"https:\/\/www.uninter.com\/radio\/wp-json\/wp\/v2\/tags?post=36773"}],"curies":[{"name":"wp","href":"https:\/\/api.w.org\/{rel}","templated":true}]}}