{"id":36762,"date":"2024-05-29T16:41:21","date_gmt":"2024-05-29T19:41:21","guid":{"rendered":"https:\/\/www.uninter.com\/radio\/?p=36762"},"modified":"2024-05-29T16:41:22","modified_gmt":"2024-05-29T19:41:22","slug":"gestao-publica-em-debate-seguranca-cidada-e-defesa-civil-protecao-da-comunidade","status":"publish","type":"post","link":"https:\/\/www.uninter.com\/radio\/gestao-publica-em-debate-seguranca-cidada-e-defesa-civil-protecao-da-comunidade","title":{"rendered":"Gest\u00e3o P\u00fablica em Debate | Seguran\u00e7a Cidad\u00e3 e Defesa Civil: prote\u00e7\u00e3o da comunidade"},"content":{"rendered":"\n<figure class=\"wp-block-audio\"><audio controls src=\"https:\/\/www.uninter.com\/radio\/wp-content\/uploads\/2024\/05\/gestao-publica-13-05-2024.mp3\"><\/audio><\/figure>\n\n\n\n<p>Em um mundo onde desastres naturais e crises s\u00e3o cada vez mais frequentes, \u00e9 fundamental debatermos sobre as estrat\u00e9gias de Seguran\u00e7a Cidad\u00e3 e o papel vital da Defesa Civil na prote\u00e7\u00e3o e apoio \u00e0 nossa comunidade. Vamos falar sobre este tema no Gest\u00e3o P\u00fablica em Debate dessa semana, e para a conversa, Manon Garcia e Ricieri Garbelini recebem o membro da Coordenadoria Municipal de Prote\u00e7\u00e3o e Defesa Civil de Curitiba Nelson Ribeiro.<\/p>\n","protected":false},"excerpt":{"rendered":"<p>Em um mundo onde desastres naturais e crises s\u00e3o cada vez mais frequentes, \u00e9 fundamental&#8230;<\/p>\n","protected":false},"author":3,"featured_media":35653,"comment_status":"open","ping_status":"open","sticky":false,"template":"","format":"standard","meta":[],"categories":[2848],"tags":[],"_links":{"self":[{"href":"https:\/\/www.uninter.com\/radio\/wp-json\/wp\/v2\/posts\/36762"}],"collection":[{"href":"https:\/\/www.uninter.com\/radio\/wp-json\/wp\/v2\/posts"}],"about":[{"href":"https:\/\/www.uninter.com\/radio\/wp-json\/wp\/v2\/types\/post"}],"author":[{"embeddable":true,"href":"https:\/\/www.uninter.com\/radio\/wp-json\/wp\/v2\/users\/3"}],"replies":[{"embeddable":true,"href":"https:\/\/www.uninter.com\/radio\/wp-json\/wp\/v2\/comments?post=36762"}],"version-history":[{"count":1,"href":"https:\/\/www.uninter.com\/radio\/wp-json\/wp\/v2\/posts\/36762\/revisions"}],"predecessor-version":[{"id":36764,"href":"https:\/\/www.uninter.com\/radio\/wp-json\/wp\/v2\/posts\/36762\/revisions\/36764"}],"wp:featuredmedia":[{"embeddable":true,"href":"https:\/\/www.uninter.com\/radio\/wp-json\/wp\/v2\/media\/35653"}],"wp:attachment":[{"href":"https:\/\/www.uninter.com\/radio\/wp-json\/wp\/v2\/media?parent=36762"}],"wp:term":[{"taxonomy":"category","embeddable":true,"href":"https:\/\/www.uninter.com\/radio\/wp-json\/wp\/v2\/categories?post=36762"},{"taxonomy":"post_tag","embeddable":true,"href":"https:\/\/www.uninter.com\/radio\/wp-json\/wp\/v2\/tags?post=36762"}],"curies":[{"name":"wp","href":"https:\/\/api.w.org\/{rel}","templated":true}]}}