{"id":36755,"date":"2024-05-27T18:33:30","date_gmt":"2024-05-27T21:33:30","guid":{"rendered":"https:\/\/www.uninter.com\/radio\/?p=36755"},"modified":"2024-05-27T18:33:31","modified_gmt":"2024-05-27T21:33:31","slug":"inclusao-em-rede-legislacao-dos-direitos-da-pessoa-com-deficiencia","status":"publish","type":"post","link":"https:\/\/www.uninter.com\/radio\/inclusao-em-rede-legislacao-dos-direitos-da-pessoa-com-deficiencia","title":{"rendered":"Inclus\u00e3o em Rede | Legisla\u00e7\u00e3o dos Direitos da Pessoa com Defici\u00eancia"},"content":{"rendered":"\n<figure class=\"wp-block-audio\"><audio controls src=\"blob:https:\/\/www.uninter.com\/3364f849-cf8b-4540-b6b8-1479e8235ebf\"><\/audio><\/figure>\n\n\n\n<p>A legisla\u00e7\u00e3o dos direitos das pessoas com defici\u00eancia varia de acordo com o pa\u00eds, mas muitos pa\u00edses t\u00eam leis e regulamentos espec\u00edficos que protegem e promovem os direitos e a inclus\u00e3o dessas pessoas. O Inclus\u00e3o em Rede dessa semana esclarece a Legisla\u00e7\u00e3o dos Direitos da Pessoa com Defici\u00eancia no Brasil, e para a conversa, Leomar Marchesini recebe a advogada Camila Zem.<\/p>\n","protected":false},"excerpt":{"rendered":"<p>A legisla\u00e7\u00e3o dos direitos das pessoas com defici\u00eancia varia de acordo com o pa\u00eds, mas&#8230;<\/p>\n","protected":false},"author":3,"featured_media":33698,"comment_status":"open","ping_status":"open","sticky":false,"template":"","format":"standard","meta":[],"categories":[2727],"tags":[],"_links":{"self":[{"href":"https:\/\/www.uninter.com\/radio\/wp-json\/wp\/v2\/posts\/36755"}],"collection":[{"href":"https:\/\/www.uninter.com\/radio\/wp-json\/wp\/v2\/posts"}],"about":[{"href":"https:\/\/www.uninter.com\/radio\/wp-json\/wp\/v2\/types\/post"}],"author":[{"embeddable":true,"href":"https:\/\/www.uninter.com\/radio\/wp-json\/wp\/v2\/users\/3"}],"replies":[{"embeddable":true,"href":"https:\/\/www.uninter.com\/radio\/wp-json\/wp\/v2\/comments?post=36755"}],"version-history":[{"count":1,"href":"https:\/\/www.uninter.com\/radio\/wp-json\/wp\/v2\/posts\/36755\/revisions"}],"predecessor-version":[{"id":36756,"href":"https:\/\/www.uninter.com\/radio\/wp-json\/wp\/v2\/posts\/36755\/revisions\/36756"}],"wp:featuredmedia":[{"embeddable":true,"href":"https:\/\/www.uninter.com\/radio\/wp-json\/wp\/v2\/media\/33698"}],"wp:attachment":[{"href":"https:\/\/www.uninter.com\/radio\/wp-json\/wp\/v2\/media?parent=36755"}],"wp:term":[{"taxonomy":"category","embeddable":true,"href":"https:\/\/www.uninter.com\/radio\/wp-json\/wp\/v2\/categories?post=36755"},{"taxonomy":"post_tag","embeddable":true,"href":"https:\/\/www.uninter.com\/radio\/wp-json\/wp\/v2\/tags?post=36755"}],"curies":[{"name":"wp","href":"https:\/\/api.w.org\/{rel}","templated":true}]}}