{"id":36746,"date":"2024-05-27T17:52:31","date_gmt":"2024-05-27T20:52:31","guid":{"rendered":"https:\/\/www.uninter.com\/radio\/?p=36746"},"modified":"2024-05-27T17:52:32","modified_gmt":"2024-05-27T20:52:32","slug":"conexao-academica-como-a-pesquisa-impacta-no-seu-curriculo","status":"publish","type":"post","link":"https:\/\/www.uninter.com\/radio\/conexao-academica-como-a-pesquisa-impacta-no-seu-curriculo","title":{"rendered":"Conex\u00e3o Acad\u00eamica | Como a pesquisa impacta no seu curr\u00edculo?"},"content":{"rendered":"\n<figure class=\"wp-block-audio\"><audio controls src=\"https:\/\/www.uninter.com\/radio\/wp-content\/uploads\/2024\/05\/conexao-academica-09-05-2024.mp3\"><\/audio><\/figure>\n\n\n\n<p>Nessa semana o Conex\u00e3o Acad\u00eamica mostra o poder da pesquisa acad\u00eamica, explorarando como a Inicia\u00e7\u00e3o Cient\u00edfica molda o seu curr\u00edculo e impulsiona sua carreira. Para a conversa Helenice Jamur recebe Desir\u00e9 Dominschek, em um bate-papo sobre o mundo da ci\u00eancia e seu impacto direto no seu futuro acad\u00eamico e profissional.<\/p>\n","protected":false},"excerpt":{"rendered":"<p>Nessa semana o Conex\u00e3o Acad\u00eamica mostra o poder da pesquisa acad\u00eamica, explorarando como a Inicia\u00e7\u00e3o&#8230;<\/p>\n","protected":false},"author":3,"featured_media":36421,"comment_status":"open","ping_status":"open","sticky":false,"template":"","format":"standard","meta":[],"categories":[2849],"tags":[],"_links":{"self":[{"href":"https:\/\/www.uninter.com\/radio\/wp-json\/wp\/v2\/posts\/36746"}],"collection":[{"href":"https:\/\/www.uninter.com\/radio\/wp-json\/wp\/v2\/posts"}],"about":[{"href":"https:\/\/www.uninter.com\/radio\/wp-json\/wp\/v2\/types\/post"}],"author":[{"embeddable":true,"href":"https:\/\/www.uninter.com\/radio\/wp-json\/wp\/v2\/users\/3"}],"replies":[{"embeddable":true,"href":"https:\/\/www.uninter.com\/radio\/wp-json\/wp\/v2\/comments?post=36746"}],"version-history":[{"count":1,"href":"https:\/\/www.uninter.com\/radio\/wp-json\/wp\/v2\/posts\/36746\/revisions"}],"predecessor-version":[{"id":36748,"href":"https:\/\/www.uninter.com\/radio\/wp-json\/wp\/v2\/posts\/36746\/revisions\/36748"}],"wp:featuredmedia":[{"embeddable":true,"href":"https:\/\/www.uninter.com\/radio\/wp-json\/wp\/v2\/media\/36421"}],"wp:attachment":[{"href":"https:\/\/www.uninter.com\/radio\/wp-json\/wp\/v2\/media?parent=36746"}],"wp:term":[{"taxonomy":"category","embeddable":true,"href":"https:\/\/www.uninter.com\/radio\/wp-json\/wp\/v2\/categories?post=36746"},{"taxonomy":"post_tag","embeddable":true,"href":"https:\/\/www.uninter.com\/radio\/wp-json\/wp\/v2\/tags?post=36746"}],"curies":[{"name":"wp","href":"https:\/\/api.w.org\/{rel}","templated":true}]}}