{"id":36718,"date":"2024-05-20T15:19:06","date_gmt":"2024-05-20T18:19:06","guid":{"rendered":"https:\/\/www.uninter.com\/radio\/?p=36718"},"modified":"2024-05-20T15:19:07","modified_gmt":"2024-05-20T18:19:07","slug":"conheca-seu-direito-como-equilibrar-maternidade-e-advocacia","status":"publish","type":"post","link":"https:\/\/www.uninter.com\/radio\/conheca-seu-direito-como-equilibrar-maternidade-e-advocacia","title":{"rendered":"Conhe\u00e7a seu Direito | Como equilibrar maternidade e advocacia"},"content":{"rendered":"\n<figure class=\"wp-block-audio\"><audio controls src=\"https:\/\/www.uninter.com\/radio\/wp-content\/uploads\/2024\/05\/conhecaseudireito06-05-2024_out.mp3\"><\/audio><\/figure>\n\n\n\n<p>Na edi\u00e7\u00e3o do m\u00eas de maio o programa Conhe\u00e7a seu Direito fala sobre os desafios de equilibrar a maternidade e a vida profissional das advogadas. Para a conversa, os professores Silvano Alcantara, Jennifer Manfrin e Priscilla Bortolotto recebem a advogada Priscila Cury.<\/p>\n","protected":false},"excerpt":{"rendered":"<p>Na edi\u00e7\u00e3o do m\u00eas de maio o programa Conhe\u00e7a seu Direito fala sobre os desafios&#8230;<\/p>\n","protected":false},"author":3,"featured_media":33660,"comment_status":"open","ping_status":"open","sticky":false,"template":"","format":"standard","meta":[],"categories":[2703],"tags":[],"_links":{"self":[{"href":"https:\/\/www.uninter.com\/radio\/wp-json\/wp\/v2\/posts\/36718"}],"collection":[{"href":"https:\/\/www.uninter.com\/radio\/wp-json\/wp\/v2\/posts"}],"about":[{"href":"https:\/\/www.uninter.com\/radio\/wp-json\/wp\/v2\/types\/post"}],"author":[{"embeddable":true,"href":"https:\/\/www.uninter.com\/radio\/wp-json\/wp\/v2\/users\/3"}],"replies":[{"embeddable":true,"href":"https:\/\/www.uninter.com\/radio\/wp-json\/wp\/v2\/comments?post=36718"}],"version-history":[{"count":1,"href":"https:\/\/www.uninter.com\/radio\/wp-json\/wp\/v2\/posts\/36718\/revisions"}],"predecessor-version":[{"id":36720,"href":"https:\/\/www.uninter.com\/radio\/wp-json\/wp\/v2\/posts\/36718\/revisions\/36720"}],"wp:featuredmedia":[{"embeddable":true,"href":"https:\/\/www.uninter.com\/radio\/wp-json\/wp\/v2\/media\/33660"}],"wp:attachment":[{"href":"https:\/\/www.uninter.com\/radio\/wp-json\/wp\/v2\/media?parent=36718"}],"wp:term":[{"taxonomy":"category","embeddable":true,"href":"https:\/\/www.uninter.com\/radio\/wp-json\/wp\/v2\/categories?post=36718"},{"taxonomy":"post_tag","embeddable":true,"href":"https:\/\/www.uninter.com\/radio\/wp-json\/wp\/v2\/tags?post=36718"}],"curies":[{"name":"wp","href":"https:\/\/api.w.org\/{rel}","templated":true}]}}