{"id":36693,"date":"2024-05-13T18:52:23","date_gmt":"2024-05-13T21:52:23","guid":{"rendered":"https:\/\/www.uninter.com\/radio\/?p=36693"},"modified":"2024-05-13T18:52:24","modified_gmt":"2024-05-13T21:52:24","slug":"gestao-publica-em-debate-eleicoes-2024-o-municipio-na-constituicao-de-1988","status":"publish","type":"post","link":"https:\/\/www.uninter.com\/radio\/gestao-publica-em-debate-eleicoes-2024-o-municipio-na-constituicao-de-1988","title":{"rendered":"Gest\u00e3o P\u00fablica em Debate | Elei\u00e7\u00f5es 2024: O municipio na Constitui\u00e7\u00e3o de 1988"},"content":{"rendered":"\n<figure class=\"wp-block-audio\"><audio controls src=\"https:\/\/www.uninter.com\/radio\/wp-content\/uploads\/2024\/05\/gestao-publica-29-04-2024.mp3\"><\/audio><\/figure>\n\n\n\n<p>A Constitui\u00e7\u00e3o de 1988 foi um marco na hist\u00f3ria do pa\u00eds, conferindo aos munic\u00edpios uma s\u00e9rie de compet\u00eancias e responsabilidades que moldaram o cen\u00e1rio pol\u00edtico e administrativo local. Vamos falar sobre este tema dentro da s\u00e9rie Elei\u00e7\u00f5es 2024 do programa Gest\u00e3o P\u00fablica em Debate. Para a conversa recebemos os professores Lucas Massimo, Ricieri Garbelini e Andr\u00e9 Ziegmann.<\/p>\n","protected":false},"excerpt":{"rendered":"<p>A Constitui\u00e7\u00e3o de 1988 foi um marco na hist\u00f3ria do pa\u00eds, conferindo aos munic\u00edpios uma&#8230;<\/p>\n","protected":false},"author":3,"featured_media":35653,"comment_status":"open","ping_status":"open","sticky":false,"template":"","format":"standard","meta":[],"categories":[2848],"tags":[],"_links":{"self":[{"href":"https:\/\/www.uninter.com\/radio\/wp-json\/wp\/v2\/posts\/36693"}],"collection":[{"href":"https:\/\/www.uninter.com\/radio\/wp-json\/wp\/v2\/posts"}],"about":[{"href":"https:\/\/www.uninter.com\/radio\/wp-json\/wp\/v2\/types\/post"}],"author":[{"embeddable":true,"href":"https:\/\/www.uninter.com\/radio\/wp-json\/wp\/v2\/users\/3"}],"replies":[{"embeddable":true,"href":"https:\/\/www.uninter.com\/radio\/wp-json\/wp\/v2\/comments?post=36693"}],"version-history":[{"count":1,"href":"https:\/\/www.uninter.com\/radio\/wp-json\/wp\/v2\/posts\/36693\/revisions"}],"predecessor-version":[{"id":36695,"href":"https:\/\/www.uninter.com\/radio\/wp-json\/wp\/v2\/posts\/36693\/revisions\/36695"}],"wp:featuredmedia":[{"embeddable":true,"href":"https:\/\/www.uninter.com\/radio\/wp-json\/wp\/v2\/media\/35653"}],"wp:attachment":[{"href":"https:\/\/www.uninter.com\/radio\/wp-json\/wp\/v2\/media?parent=36693"}],"wp:term":[{"taxonomy":"category","embeddable":true,"href":"https:\/\/www.uninter.com\/radio\/wp-json\/wp\/v2\/categories?post=36693"},{"taxonomy":"post_tag","embeddable":true,"href":"https:\/\/www.uninter.com\/radio\/wp-json\/wp\/v2\/tags?post=36693"}],"curies":[{"name":"wp","href":"https:\/\/api.w.org\/{rel}","templated":true}]}}