{"id":36685,"date":"2024-05-03T18:09:54","date_gmt":"2024-05-03T21:09:54","guid":{"rendered":"https:\/\/www.uninter.com\/radio\/?p=36685"},"modified":"2024-05-03T18:09:55","modified_gmt":"2024-05-03T21:09:55","slug":"inclusao-em-rede-arquitetura-e-urbanismo-acessiveis","status":"publish","type":"post","link":"https:\/\/www.uninter.com\/radio\/inclusao-em-rede-arquitetura-e-urbanismo-acessiveis","title":{"rendered":"Inclus\u00e3o em Rede | Arquitetura e urbanismo acess\u00edveis"},"content":{"rendered":"\n<figure class=\"wp-block-audio\"><audio controls src=\"blob:https:\/\/www.uninter.com\/ddd03396-d557-407d-b6b2-9f6dcb55dcf5\"><\/audio><\/figure>\n\n\n\n<p>Espa\u00e7os acess\u00edveis n\u00e3o s\u00e3o apenas uma quest\u00e3o de conveni\u00eancia, mas sim um direito fundamental para todos os cidad\u00e3os. Por isso, o Inclus\u00e3o em Rede de hoje fala sobre arquitetura e do urbanismo acess\u00edveis, explorando como projetos bem pensados podem promover a inclus\u00e3o e melhorar a qualidade de vida de todas as pessoas. Para a conversa, Leomar Marchesini recebe o especialista em acessibilidade e sustentabilidade urbana Gilmar de Lima.<\/p>\n","protected":false},"excerpt":{"rendered":"<p>Espa\u00e7os acess\u00edveis n\u00e3o s\u00e3o apenas uma quest\u00e3o de conveni\u00eancia, mas sim um direito fundamental para&#8230;<\/p>\n","protected":false},"author":3,"featured_media":33698,"comment_status":"open","ping_status":"open","sticky":false,"template":"","format":"standard","meta":[],"categories":[2727],"tags":[],"_links":{"self":[{"href":"https:\/\/www.uninter.com\/radio\/wp-json\/wp\/v2\/posts\/36685"}],"collection":[{"href":"https:\/\/www.uninter.com\/radio\/wp-json\/wp\/v2\/posts"}],"about":[{"href":"https:\/\/www.uninter.com\/radio\/wp-json\/wp\/v2\/types\/post"}],"author":[{"embeddable":true,"href":"https:\/\/www.uninter.com\/radio\/wp-json\/wp\/v2\/users\/3"}],"replies":[{"embeddable":true,"href":"https:\/\/www.uninter.com\/radio\/wp-json\/wp\/v2\/comments?post=36685"}],"version-history":[{"count":1,"href":"https:\/\/www.uninter.com\/radio\/wp-json\/wp\/v2\/posts\/36685\/revisions"}],"predecessor-version":[{"id":36686,"href":"https:\/\/www.uninter.com\/radio\/wp-json\/wp\/v2\/posts\/36685\/revisions\/36686"}],"wp:featuredmedia":[{"embeddable":true,"href":"https:\/\/www.uninter.com\/radio\/wp-json\/wp\/v2\/media\/33698"}],"wp:attachment":[{"href":"https:\/\/www.uninter.com\/radio\/wp-json\/wp\/v2\/media?parent=36685"}],"wp:term":[{"taxonomy":"category","embeddable":true,"href":"https:\/\/www.uninter.com\/radio\/wp-json\/wp\/v2\/categories?post=36685"},{"taxonomy":"post_tag","embeddable":true,"href":"https:\/\/www.uninter.com\/radio\/wp-json\/wp\/v2\/tags?post=36685"}],"curies":[{"name":"wp","href":"https:\/\/api.w.org\/{rel}","templated":true}]}}