{"id":36654,"date":"2024-05-03T17:02:46","date_gmt":"2024-05-03T20:02:46","guid":{"rendered":"https:\/\/www.uninter.com\/radio\/?p=36654"},"modified":"2024-05-03T17:02:47","modified_gmt":"2024-05-03T20:02:47","slug":"talento-em-foco-seguranca-psicologica-no-ambiente-corporativo","status":"publish","type":"post","link":"https:\/\/www.uninter.com\/radio\/talento-em-foco-seguranca-psicologica-no-ambiente-corporativo","title":{"rendered":"Talento em Foco | Seguran\u00e7a psicol\u00f3gica no ambiente corporativo"},"content":{"rendered":"\n<figure class=\"wp-block-audio\"><audio controls src=\"https:\/\/www.uninter.com\/radio\/wp-content\/uploads\/2024\/05\/talento-em-foco-22-04-2024.mp3\"><\/audio><\/figure>\n\n\n\n<p>Um ambiente de trabalho seguro psicologicamente \u00e9 fundamental para a sa\u00fade mental, a produtividade e a inova\u00e7\u00e3o. Por isso, no Talento em Foco dessa semana vamos falar sobre a import\u00e2ncia da seguran\u00e7a psicol\u00f3gica no ambiente corporativo e como ela pode promover o bem-estar dos colaboradores e o sucesso organizacional. Para a conversa, \u00c9rika Lotz recebe a advogada Leonor Almeida.<\/p>\n","protected":false},"excerpt":{"rendered":"<p>Um ambiente de trabalho seguro psicologicamente \u00e9 fundamental para a sa\u00fade mental, a produtividade e&#8230;<\/p>\n","protected":false},"author":3,"featured_media":31128,"comment_status":"open","ping_status":"open","sticky":false,"template":"","format":"standard","meta":[],"categories":[2723],"tags":[],"_links":{"self":[{"href":"https:\/\/www.uninter.com\/radio\/wp-json\/wp\/v2\/posts\/36654"}],"collection":[{"href":"https:\/\/www.uninter.com\/radio\/wp-json\/wp\/v2\/posts"}],"about":[{"href":"https:\/\/www.uninter.com\/radio\/wp-json\/wp\/v2\/types\/post"}],"author":[{"embeddable":true,"href":"https:\/\/www.uninter.com\/radio\/wp-json\/wp\/v2\/users\/3"}],"replies":[{"embeddable":true,"href":"https:\/\/www.uninter.com\/radio\/wp-json\/wp\/v2\/comments?post=36654"}],"version-history":[{"count":1,"href":"https:\/\/www.uninter.com\/radio\/wp-json\/wp\/v2\/posts\/36654\/revisions"}],"predecessor-version":[{"id":36656,"href":"https:\/\/www.uninter.com\/radio\/wp-json\/wp\/v2\/posts\/36654\/revisions\/36656"}],"wp:featuredmedia":[{"embeddable":true,"href":"https:\/\/www.uninter.com\/radio\/wp-json\/wp\/v2\/media\/31128"}],"wp:attachment":[{"href":"https:\/\/www.uninter.com\/radio\/wp-json\/wp\/v2\/media?parent=36654"}],"wp:term":[{"taxonomy":"category","embeddable":true,"href":"https:\/\/www.uninter.com\/radio\/wp-json\/wp\/v2\/categories?post=36654"},{"taxonomy":"post_tag","embeddable":true,"href":"https:\/\/www.uninter.com\/radio\/wp-json\/wp\/v2\/tags?post=36654"}],"curies":[{"name":"wp","href":"https:\/\/api.w.org\/{rel}","templated":true}]}}