{"id":36642,"date":"2024-05-02T15:21:55","date_gmt":"2024-05-02T18:21:55","guid":{"rendered":"https:\/\/www.uninter.com\/radio\/?p=36642"},"modified":"2024-05-02T15:21:56","modified_gmt":"2024-05-02T18:21:56","slug":"momento-carreira-cursos-tecnicos-e-profissionalizantes-uninter","status":"publish","type":"post","link":"https:\/\/www.uninter.com\/radio\/momento-carreira-cursos-tecnicos-e-profissionalizantes-uninter","title":{"rendered":"Momento Carreira | Cursos T\u00e9cnicos e Profissionalizantes Uninter"},"content":{"rendered":"\n<figure class=\"wp-block-audio\"><audio controls src=\"blob:https:\/\/www.uninter.com\/9c7d4507-819d-482f-be71-861a44c5d37b\"><\/audio><\/figure>\n\n\n\n<p>Nessa semana o programa Momento de Carreira apresenta dicas valiosas sobre os cursos t\u00e9cnicos que v\u00e3o contribuir na evolu\u00e7\u00e3o da sua carreira profissional. Para a conversa, Sidney de Lara recebe Leticia Driele Machado, coordenadora de Cursos T\u00e9cnicos na Uninter e Christiane Kaminski, pedagoga, diretora da Escola Profissionalizante T\u00e9cnica da Uninter.<\/p>\n","protected":false},"excerpt":{"rendered":"<p>Nessa semana o programa Momento de Carreira apresenta dicas valiosas sobre os cursos t\u00e9cnicos que&#8230;<\/p>\n","protected":false},"author":3,"featured_media":0,"comment_status":"open","ping_status":"open","sticky":false,"template":"","format":"standard","meta":[],"categories":[8],"tags":[],"_links":{"self":[{"href":"https:\/\/www.uninter.com\/radio\/wp-json\/wp\/v2\/posts\/36642"}],"collection":[{"href":"https:\/\/www.uninter.com\/radio\/wp-json\/wp\/v2\/posts"}],"about":[{"href":"https:\/\/www.uninter.com\/radio\/wp-json\/wp\/v2\/types\/post"}],"author":[{"embeddable":true,"href":"https:\/\/www.uninter.com\/radio\/wp-json\/wp\/v2\/users\/3"}],"replies":[{"embeddable":true,"href":"https:\/\/www.uninter.com\/radio\/wp-json\/wp\/v2\/comments?post=36642"}],"version-history":[{"count":1,"href":"https:\/\/www.uninter.com\/radio\/wp-json\/wp\/v2\/posts\/36642\/revisions"}],"predecessor-version":[{"id":36643,"href":"https:\/\/www.uninter.com\/radio\/wp-json\/wp\/v2\/posts\/36642\/revisions\/36643"}],"wp:attachment":[{"href":"https:\/\/www.uninter.com\/radio\/wp-json\/wp\/v2\/media?parent=36642"}],"wp:term":[{"taxonomy":"category","embeddable":true,"href":"https:\/\/www.uninter.com\/radio\/wp-json\/wp\/v2\/categories?post=36642"},{"taxonomy":"post_tag","embeddable":true,"href":"https:\/\/www.uninter.com\/radio\/wp-json\/wp\/v2\/tags?post=36642"}],"curies":[{"name":"wp","href":"https:\/\/api.w.org\/{rel}","templated":true}]}}