{"id":36613,"date":"2024-05-02T14:13:24","date_gmt":"2024-05-02T17:13:24","guid":{"rendered":"https:\/\/www.uninter.com\/radio\/?p=36613"},"modified":"2024-05-02T14:13:25","modified_gmt":"2024-05-02T17:13:25","slug":"gestao-publica-em-debate-eleicoes-e-projetos-dos-candidatos-para-as-cidades","status":"publish","type":"post","link":"https:\/\/www.uninter.com\/radio\/gestao-publica-em-debate-eleicoes-e-projetos-dos-candidatos-para-as-cidades","title":{"rendered":"Gest\u00e3o P\u00fablica em Debate | Elei\u00e7\u00f5es e Projetos dos Candidatos para as Cidades"},"content":{"rendered":"\n<figure class=\"wp-block-audio\"><audio controls src=\"https:\/\/www.uninter.com\/radio\/wp-content\/uploads\/2024\/05\/gestao-publica-15-04-2024.mp3\"><\/audio><\/figure>\n\n\n\n<p>As elei\u00e7\u00f5es municipais s\u00e3o fundamentais para o futuro das comunidades locais, e \u00e9 crucial entender as vis\u00f5es e planos dos candidatos para promover o progresso e o bem-estar de todos. Por isso, o Gest\u00e3o P\u00fablica em Debate dessa semana fala sobre os projetos dos candidatos para as cidades nas elei\u00e7\u00f5es 2024. Para a conversa, Manon Garcia e Ricieri Garbelini recebem o coordenador da Comiss\u00e3o Pr\u00f3pria de Avalia\u00e7\u00e3o H\u00e9lio Lechinewski.<\/p>\n","protected":false},"excerpt":{"rendered":"<p>As elei\u00e7\u00f5es municipais s\u00e3o fundamentais para o futuro das comunidades locais, e \u00e9 crucial entender&#8230;<\/p>\n","protected":false},"author":3,"featured_media":35653,"comment_status":"open","ping_status":"open","sticky":false,"template":"","format":"standard","meta":[],"categories":[2848],"tags":[],"_links":{"self":[{"href":"https:\/\/www.uninter.com\/radio\/wp-json\/wp\/v2\/posts\/36613"}],"collection":[{"href":"https:\/\/www.uninter.com\/radio\/wp-json\/wp\/v2\/posts"}],"about":[{"href":"https:\/\/www.uninter.com\/radio\/wp-json\/wp\/v2\/types\/post"}],"author":[{"embeddable":true,"href":"https:\/\/www.uninter.com\/radio\/wp-json\/wp\/v2\/users\/3"}],"replies":[{"embeddable":true,"href":"https:\/\/www.uninter.com\/radio\/wp-json\/wp\/v2\/comments?post=36613"}],"version-history":[{"count":1,"href":"https:\/\/www.uninter.com\/radio\/wp-json\/wp\/v2\/posts\/36613\/revisions"}],"predecessor-version":[{"id":36615,"href":"https:\/\/www.uninter.com\/radio\/wp-json\/wp\/v2\/posts\/36613\/revisions\/36615"}],"wp:featuredmedia":[{"embeddable":true,"href":"https:\/\/www.uninter.com\/radio\/wp-json\/wp\/v2\/media\/35653"}],"wp:attachment":[{"href":"https:\/\/www.uninter.com\/radio\/wp-json\/wp\/v2\/media?parent=36613"}],"wp:term":[{"taxonomy":"category","embeddable":true,"href":"https:\/\/www.uninter.com\/radio\/wp-json\/wp\/v2\/categories?post=36613"},{"taxonomy":"post_tag","embeddable":true,"href":"https:\/\/www.uninter.com\/radio\/wp-json\/wp\/v2\/tags?post=36613"}],"curies":[{"name":"wp","href":"https:\/\/api.w.org\/{rel}","templated":true}]}}