{"id":36607,"date":"2024-05-02T14:08:19","date_gmt":"2024-05-02T17:08:19","guid":{"rendered":"https:\/\/www.uninter.com\/radio\/?p=36607"},"modified":"2024-05-02T14:08:20","modified_gmt":"2024-05-02T17:08:20","slug":"talento-em-foco-desafios-gerenciais-em-tempos-de-mudancas","status":"publish","type":"post","link":"https:\/\/www.uninter.com\/radio\/talento-em-foco-desafios-gerenciais-em-tempos-de-mudancas","title":{"rendered":"Talento em Foco | Desafios gerenciais em tempos de mudan\u00e7as"},"content":{"rendered":"\n<figure class=\"wp-block-audio\"><audio controls src=\"https:\/\/www.uninter.com\/radio\/wp-content\/uploads\/2024\/05\/talento-em-foco-15-04-2024.mp3\"><\/audio><\/figure>\n\n\n\n<p>O ambiente empresarial atual est\u00e1 repleto de incertezas, transforma\u00e7\u00f5es tecnol\u00f3gicas e din\u00e2micas de mercado, exigindo uma abordagem adaptativa e proativa por parte dos l\u00edderes. Por isso, no Talento em Foco dessa semana vamos falar sobre os desafios gerenciais em tempos de mudan\u00e7as. Para a conversa, Erika Lotz recebe o mestre em Educa\u00e7\u00e3o Rudi Birgman.<\/p>\n","protected":false},"excerpt":{"rendered":"<p>O ambiente empresarial atual est\u00e1 repleto de incertezas, transforma\u00e7\u00f5es tecnol\u00f3gicas e din\u00e2micas de mercado, exigindo&#8230;<\/p>\n","protected":false},"author":3,"featured_media":31128,"comment_status":"open","ping_status":"open","sticky":false,"template":"","format":"standard","meta":[],"categories":[2723],"tags":[],"_links":{"self":[{"href":"https:\/\/www.uninter.com\/radio\/wp-json\/wp\/v2\/posts\/36607"}],"collection":[{"href":"https:\/\/www.uninter.com\/radio\/wp-json\/wp\/v2\/posts"}],"about":[{"href":"https:\/\/www.uninter.com\/radio\/wp-json\/wp\/v2\/types\/post"}],"author":[{"embeddable":true,"href":"https:\/\/www.uninter.com\/radio\/wp-json\/wp\/v2\/users\/3"}],"replies":[{"embeddable":true,"href":"https:\/\/www.uninter.com\/radio\/wp-json\/wp\/v2\/comments?post=36607"}],"version-history":[{"count":1,"href":"https:\/\/www.uninter.com\/radio\/wp-json\/wp\/v2\/posts\/36607\/revisions"}],"predecessor-version":[{"id":36609,"href":"https:\/\/www.uninter.com\/radio\/wp-json\/wp\/v2\/posts\/36607\/revisions\/36609"}],"wp:featuredmedia":[{"embeddable":true,"href":"https:\/\/www.uninter.com\/radio\/wp-json\/wp\/v2\/media\/31128"}],"wp:attachment":[{"href":"https:\/\/www.uninter.com\/radio\/wp-json\/wp\/v2\/media?parent=36607"}],"wp:term":[{"taxonomy":"category","embeddable":true,"href":"https:\/\/www.uninter.com\/radio\/wp-json\/wp\/v2\/categories?post=36607"},{"taxonomy":"post_tag","embeddable":true,"href":"https:\/\/www.uninter.com\/radio\/wp-json\/wp\/v2\/tags?post=36607"}],"curies":[{"name":"wp","href":"https:\/\/api.w.org\/{rel}","templated":true}]}}