{"id":36603,"date":"2024-04-30T18:18:21","date_gmt":"2024-04-30T21:18:21","guid":{"rendered":"https:\/\/www.uninter.com\/radio\/?p=36603"},"modified":"2024-04-30T18:18:22","modified_gmt":"2024-04-30T21:18:22","slug":"inclusao-em-rede-politicas-publicas-curitiba-2024","status":"publish","type":"post","link":"https:\/\/www.uninter.com\/radio\/inclusao-em-rede-politicas-publicas-curitiba-2024","title":{"rendered":"Inclus\u00e3o em Rede | Pol\u00edticas P\u00fablicas Curitiba 2024"},"content":{"rendered":"\n<figure class=\"wp-block-audio\"><audio controls src=\"https:\/\/www.uninter.com\/radio\/wp-content\/uploads\/2024\/04\/inclusaoemrede12-04-2024_out-1.mp3\"><\/audio><\/figure>\n\n\n\n<p>O programa Inclus\u00e3o em Rede dessa semana fala um pouco sobre as Pol\u00edticas P\u00fablicas de Curitiba para o ano de 2024, e principalmente, quais delas agregam as pessoas com defici\u00eancia. Para a conversa, Leomar Marchesini recebe a diretora do departamento dos Direitos da Pessoa com Defici\u00eancia de Curitiba Denise de Oliveira Moraes.<\/p>\n","protected":false},"excerpt":{"rendered":"<p>O programa Inclus\u00e3o em Rede dessa semana fala um pouco sobre as Pol\u00edticas P\u00fablicas de&#8230;<\/p>\n","protected":false},"author":3,"featured_media":33698,"comment_status":"open","ping_status":"open","sticky":false,"template":"","format":"standard","meta":[],"categories":[2727],"tags":[],"_links":{"self":[{"href":"https:\/\/www.uninter.com\/radio\/wp-json\/wp\/v2\/posts\/36603"}],"collection":[{"href":"https:\/\/www.uninter.com\/radio\/wp-json\/wp\/v2\/posts"}],"about":[{"href":"https:\/\/www.uninter.com\/radio\/wp-json\/wp\/v2\/types\/post"}],"author":[{"embeddable":true,"href":"https:\/\/www.uninter.com\/radio\/wp-json\/wp\/v2\/users\/3"}],"replies":[{"embeddable":true,"href":"https:\/\/www.uninter.com\/radio\/wp-json\/wp\/v2\/comments?post=36603"}],"version-history":[{"count":1,"href":"https:\/\/www.uninter.com\/radio\/wp-json\/wp\/v2\/posts\/36603\/revisions"}],"predecessor-version":[{"id":36605,"href":"https:\/\/www.uninter.com\/radio\/wp-json\/wp\/v2\/posts\/36603\/revisions\/36605"}],"wp:featuredmedia":[{"embeddable":true,"href":"https:\/\/www.uninter.com\/radio\/wp-json\/wp\/v2\/media\/33698"}],"wp:attachment":[{"href":"https:\/\/www.uninter.com\/radio\/wp-json\/wp\/v2\/media?parent=36603"}],"wp:term":[{"taxonomy":"category","embeddable":true,"href":"https:\/\/www.uninter.com\/radio\/wp-json\/wp\/v2\/categories?post=36603"},{"taxonomy":"post_tag","embeddable":true,"href":"https:\/\/www.uninter.com\/radio\/wp-json\/wp\/v2\/tags?post=36603"}],"curies":[{"name":"wp","href":"https:\/\/api.w.org\/{rel}","templated":true}]}}