{"id":36600,"date":"2024-04-30T18:15:59","date_gmt":"2024-04-30T21:15:59","guid":{"rendered":"https:\/\/www.uninter.com\/radio\/?p=36600"},"modified":"2024-04-30T18:16:00","modified_gmt":"2024-04-30T21:16:00","slug":"conversa-com-o-reitor-silvio-cruza-o-atlantico-para-estudar-no-brasil-e-mudar-a-politica-em-angola","status":"publish","type":"post","link":"https:\/\/www.uninter.com\/radio\/conversa-com-o-reitor-silvio-cruza-o-atlantico-para-estudar-no-brasil-e-mudar-a-politica-em-angola","title":{"rendered":"Conversa com o Reitor | Silvio cruza o Atl\u00e2ntico para estudar no Brasil e mudar a pol\u00edtica em Angola"},"content":{"rendered":"\n<figure class=\"wp-block-audio\"><audio controls src=\"https:\/\/www.uninter.com\/radio\/wp-content\/uploads\/2024\/04\/conversa-com-o-reitor-12-04-2024.mp3\"><\/audio><\/figure>\n\n\n\n<p>Silvio Javala, 33 anos, deixou uma vida aparentemente est\u00e1vel na Angola em busca de uma renova\u00e7\u00e3o intelectual e espiritual no Brasil. Antes de se mudar, ele j\u00e1 havia pesquisado faculdades daqui e teve sua aten\u00e7\u00e3o atra\u00edda pela Uninter por meio de uma publicidade. A princ\u00edpio, o curso escolhido foi Ci\u00eancia Pol\u00edtica, mas tamb\u00e9m se interessou pelo tecn\u00f3logo de Gest\u00e3o de Partidos Pol\u00edticos e decidiu fazer os dois simultaneamente. A dificuldade social e pol\u00edtica do pa\u00eds de origem teve grande influ\u00eancia na decis\u00e3o. Nessa semana, o programa Conversa com o Reitor recebe Silvio Javala e o coordenador do curso de Gest\u00e3o de Partidos Pol\u00edticos, Lucas Massimo, para falar sobre a sua hist\u00f3ria e como a educa\u00e7\u00e3o tem o poder de transformar a vida das pessoas.<\/p>\n","protected":false},"excerpt":{"rendered":"<p>Silvio Javala, 33 anos, deixou uma vida aparentemente est\u00e1vel na Angola em busca de uma&#8230;<\/p>\n","protected":false},"author":3,"featured_media":31088,"comment_status":"open","ping_status":"open","sticky":false,"template":"","format":"standard","meta":[],"categories":[2724],"tags":[],"_links":{"self":[{"href":"https:\/\/www.uninter.com\/radio\/wp-json\/wp\/v2\/posts\/36600"}],"collection":[{"href":"https:\/\/www.uninter.com\/radio\/wp-json\/wp\/v2\/posts"}],"about":[{"href":"https:\/\/www.uninter.com\/radio\/wp-json\/wp\/v2\/types\/post"}],"author":[{"embeddable":true,"href":"https:\/\/www.uninter.com\/radio\/wp-json\/wp\/v2\/users\/3"}],"replies":[{"embeddable":true,"href":"https:\/\/www.uninter.com\/radio\/wp-json\/wp\/v2\/comments?post=36600"}],"version-history":[{"count":1,"href":"https:\/\/www.uninter.com\/radio\/wp-json\/wp\/v2\/posts\/36600\/revisions"}],"predecessor-version":[{"id":36602,"href":"https:\/\/www.uninter.com\/radio\/wp-json\/wp\/v2\/posts\/36600\/revisions\/36602"}],"wp:featuredmedia":[{"embeddable":true,"href":"https:\/\/www.uninter.com\/radio\/wp-json\/wp\/v2\/media\/31088"}],"wp:attachment":[{"href":"https:\/\/www.uninter.com\/radio\/wp-json\/wp\/v2\/media?parent=36600"}],"wp:term":[{"taxonomy":"category","embeddable":true,"href":"https:\/\/www.uninter.com\/radio\/wp-json\/wp\/v2\/categories?post=36600"},{"taxonomy":"post_tag","embeddable":true,"href":"https:\/\/www.uninter.com\/radio\/wp-json\/wp\/v2\/tags?post=36600"}],"curies":[{"name":"wp","href":"https:\/\/api.w.org\/{rel}","templated":true}]}}