{"id":36585,"date":"2024-04-30T18:04:14","date_gmt":"2024-04-30T21:04:14","guid":{"rendered":"https:\/\/www.uninter.com\/radio\/?p=36585"},"modified":"2024-04-30T18:04:15","modified_gmt":"2024-04-30T21:04:15","slug":"papo-castico-expansao-da-representatividade-negra","status":"publish","type":"post","link":"https:\/\/www.uninter.com\/radio\/papo-castico-expansao-da-representatividade-negra","title":{"rendered":"Papo Casti\u00e7o | Expans\u00e3o da representatividade negra"},"content":{"rendered":"\n<figure class=\"wp-block-audio\"><audio controls src=\"https:\/\/www.uninter.com\/radio\/wp-content\/uploads\/2024\/04\/papo-castico-10-04-2024.mp3\"><\/audio><\/figure>\n\n\n\n<p>Nessa semana, o Papo Casti\u00e7o inverte os pap\u00e9is e entrevista a atual apresentadora do programa, Joice Diaz, e fala sobre expans\u00e3o da representatividade negra.<\/p>\n","protected":false},"excerpt":{"rendered":"<p>Nessa semana, o Papo Casti\u00e7o inverte os pap\u00e9is e entrevista a atual apresentadora do programa,&#8230;<\/p>\n","protected":false},"author":3,"featured_media":34252,"comment_status":"open","ping_status":"open","sticky":false,"template":"","format":"standard","meta":[],"categories":[2841],"tags":[],"_links":{"self":[{"href":"https:\/\/www.uninter.com\/radio\/wp-json\/wp\/v2\/posts\/36585"}],"collection":[{"href":"https:\/\/www.uninter.com\/radio\/wp-json\/wp\/v2\/posts"}],"about":[{"href":"https:\/\/www.uninter.com\/radio\/wp-json\/wp\/v2\/types\/post"}],"author":[{"embeddable":true,"href":"https:\/\/www.uninter.com\/radio\/wp-json\/wp\/v2\/users\/3"}],"replies":[{"embeddable":true,"href":"https:\/\/www.uninter.com\/radio\/wp-json\/wp\/v2\/comments?post=36585"}],"version-history":[{"count":1,"href":"https:\/\/www.uninter.com\/radio\/wp-json\/wp\/v2\/posts\/36585\/revisions"}],"predecessor-version":[{"id":36587,"href":"https:\/\/www.uninter.com\/radio\/wp-json\/wp\/v2\/posts\/36585\/revisions\/36587"}],"wp:featuredmedia":[{"embeddable":true,"href":"https:\/\/www.uninter.com\/radio\/wp-json\/wp\/v2\/media\/34252"}],"wp:attachment":[{"href":"https:\/\/www.uninter.com\/radio\/wp-json\/wp\/v2\/media?parent=36585"}],"wp:term":[{"taxonomy":"category","embeddable":true,"href":"https:\/\/www.uninter.com\/radio\/wp-json\/wp\/v2\/categories?post=36585"},{"taxonomy":"post_tag","embeddable":true,"href":"https:\/\/www.uninter.com\/radio\/wp-json\/wp\/v2\/tags?post=36585"}],"curies":[{"name":"wp","href":"https:\/\/api.w.org\/{rel}","templated":true}]}}