{"id":36582,"date":"2024-04-30T18:02:07","date_gmt":"2024-04-30T21:02:07","guid":{"rendered":"https:\/\/www.uninter.com\/radio\/?p=36582"},"modified":"2024-04-30T18:02:08","modified_gmt":"2024-04-30T21:02:08","slug":"fala-prof-sianee-uninter","status":"publish","type":"post","link":"https:\/\/www.uninter.com\/radio\/fala-prof-sianee-uninter","title":{"rendered":"Fala, Prof! | SIANEE Uninter"},"content":{"rendered":"\n<figure class=\"wp-block-audio\"><audio controls src=\"https:\/\/www.uninter.com\/radio\/wp-content\/uploads\/2024\/04\/falaprof09-04-2024_out.mp3\"><\/audio><\/figure>\n\n\n\n<p>A edi\u00e7\u00e3o de abril o programa Fala, Prof! conversa sobre o Servi\u00e7o de Inclus\u00e3o e Atendimento aos Alunos com Necessidades Educacionais Especiais \u2013 SIANEE. Para nos relatar como funciona, quem tem direito a este servi\u00e7o e o que tem sido realizado, contaremos com a participa\u00e7\u00e3o da coordenadora Leomar Marchesini.<\/p>\n","protected":false},"excerpt":{"rendered":"<p>A edi\u00e7\u00e3o de abril o programa Fala, Prof! conversa sobre o Servi\u00e7o de Inclus\u00e3o e&#8230;<\/p>\n","protected":false},"author":3,"featured_media":30526,"comment_status":"open","ping_status":"open","sticky":false,"template":"","format":"standard","meta":[],"categories":[2763],"tags":[],"_links":{"self":[{"href":"https:\/\/www.uninter.com\/radio\/wp-json\/wp\/v2\/posts\/36582"}],"collection":[{"href":"https:\/\/www.uninter.com\/radio\/wp-json\/wp\/v2\/posts"}],"about":[{"href":"https:\/\/www.uninter.com\/radio\/wp-json\/wp\/v2\/types\/post"}],"author":[{"embeddable":true,"href":"https:\/\/www.uninter.com\/radio\/wp-json\/wp\/v2\/users\/3"}],"replies":[{"embeddable":true,"href":"https:\/\/www.uninter.com\/radio\/wp-json\/wp\/v2\/comments?post=36582"}],"version-history":[{"count":1,"href":"https:\/\/www.uninter.com\/radio\/wp-json\/wp\/v2\/posts\/36582\/revisions"}],"predecessor-version":[{"id":36584,"href":"https:\/\/www.uninter.com\/radio\/wp-json\/wp\/v2\/posts\/36582\/revisions\/36584"}],"wp:featuredmedia":[{"embeddable":true,"href":"https:\/\/www.uninter.com\/radio\/wp-json\/wp\/v2\/media\/30526"}],"wp:attachment":[{"href":"https:\/\/www.uninter.com\/radio\/wp-json\/wp\/v2\/media?parent=36582"}],"wp:term":[{"taxonomy":"category","embeddable":true,"href":"https:\/\/www.uninter.com\/radio\/wp-json\/wp\/v2\/categories?post=36582"},{"taxonomy":"post_tag","embeddable":true,"href":"https:\/\/www.uninter.com\/radio\/wp-json\/wp\/v2\/tags?post=36582"}],"curies":[{"name":"wp","href":"https:\/\/api.w.org\/{rel}","templated":true}]}}