{"id":36579,"date":"2024-04-30T17:54:49","date_gmt":"2024-04-30T20:54:49","guid":{"rendered":"https:\/\/www.uninter.com\/radio\/?p=36579"},"modified":"2024-04-30T17:54:51","modified_gmt":"2024-04-30T20:54:51","slug":"saude-em-foco-desmistificando-o-ilib","status":"publish","type":"post","link":"https:\/\/www.uninter.com\/radio\/saude-em-foco-desmistificando-o-ilib","title":{"rendered":"Sa\u00fade em Foco | Desmistificando o ILIB"},"content":{"rendered":"\n<figure class=\"wp-block-audio\"><audio controls src=\"https:\/\/www.uninter.com\/radio\/wp-content\/uploads\/2024\/04\/saude-em-foco-09-04-2024.mp3\"><\/audio><\/figure>\n\n\n\n<p>Nesta semana o programa Sa\u00fade em Foco fala sobre o ILIB (Laser De Baixa Intensidade), uma t\u00e9cnica terap\u00eautica que utiliza laser de baixa intensidade para tratar uma variedade de condi\u00e7\u00f5es m\u00e9dicas. Para a conversa, Barbara Carvalho recebe os professores Elgison da Luz e Rafaela Oliveira Machado.<\/p>\n","protected":false},"excerpt":{"rendered":"<p>Nesta semana o programa Sa\u00fade em Foco fala sobre o ILIB (Laser De Baixa Intensidade),&#8230;<\/p>\n","protected":false},"author":3,"featured_media":33678,"comment_status":"open","ping_status":"open","sticky":false,"template":"","format":"standard","meta":[],"categories":[2790],"tags":[],"_links":{"self":[{"href":"https:\/\/www.uninter.com\/radio\/wp-json\/wp\/v2\/posts\/36579"}],"collection":[{"href":"https:\/\/www.uninter.com\/radio\/wp-json\/wp\/v2\/posts"}],"about":[{"href":"https:\/\/www.uninter.com\/radio\/wp-json\/wp\/v2\/types\/post"}],"author":[{"embeddable":true,"href":"https:\/\/www.uninter.com\/radio\/wp-json\/wp\/v2\/users\/3"}],"replies":[{"embeddable":true,"href":"https:\/\/www.uninter.com\/radio\/wp-json\/wp\/v2\/comments?post=36579"}],"version-history":[{"count":1,"href":"https:\/\/www.uninter.com\/radio\/wp-json\/wp\/v2\/posts\/36579\/revisions"}],"predecessor-version":[{"id":36581,"href":"https:\/\/www.uninter.com\/radio\/wp-json\/wp\/v2\/posts\/36579\/revisions\/36581"}],"wp:featuredmedia":[{"embeddable":true,"href":"https:\/\/www.uninter.com\/radio\/wp-json\/wp\/v2\/media\/33678"}],"wp:attachment":[{"href":"https:\/\/www.uninter.com\/radio\/wp-json\/wp\/v2\/media?parent=36579"}],"wp:term":[{"taxonomy":"category","embeddable":true,"href":"https:\/\/www.uninter.com\/radio\/wp-json\/wp\/v2\/categories?post=36579"},{"taxonomy":"post_tag","embeddable":true,"href":"https:\/\/www.uninter.com\/radio\/wp-json\/wp\/v2\/tags?post=36579"}],"curies":[{"name":"wp","href":"https:\/\/api.w.org\/{rel}","templated":true}]}}