{"id":36566,"date":"2024-04-29T17:08:10","date_gmt":"2024-04-29T20:08:10","guid":{"rendered":"https:\/\/www.uninter.com\/radio\/?p=36566"},"modified":"2024-04-29T17:08:12","modified_gmt":"2024-04-29T20:08:12","slug":"papo-castico-a-juventude-negra-do-brasil","status":"publish","type":"post","link":"https:\/\/www.uninter.com\/radio\/papo-castico-a-juventude-negra-do-brasil","title":{"rendered":"Papo Casti\u00e7o | A juventude negra do Brasil"},"content":{"rendered":"\n<figure class=\"wp-block-audio\"><audio controls src=\"blob:https:\/\/www.uninter.com\/e018c335-07d9-4c11-b001-6adea2d154c6\"><\/audio><\/figure>\n\n\n\n<p>A juventude negra do Brasil enfrenta desafios significativos em v\u00e1rias \u00e1reas, incluindo educa\u00e7\u00e3o, emprego, sa\u00fade e seguran\u00e7a. Apesar de representarem uma parcela significativa da popula\u00e7\u00e3o, a popula\u00e7\u00e3o negra enfrenta desigualdades estruturais e discrimina\u00e7\u00e3o sistem\u00e1tica que limitam suas oportunidades e acesso a recursos. Este \u00e9 o tema do Papo Casti\u00e7o desta semana. A professora Joice Diaz recebe o advogado e militante antirracista Valnei Fils para a conversa.<\/p>\n","protected":false},"excerpt":{"rendered":"<p>A juventude negra do Brasil enfrenta desafios significativos em v\u00e1rias \u00e1reas, incluindo educa\u00e7\u00e3o, emprego, sa\u00fade&#8230;<\/p>\n","protected":false},"author":3,"featured_media":34252,"comment_status":"open","ping_status":"open","sticky":false,"template":"","format":"standard","meta":[],"categories":[2841],"tags":[],"_links":{"self":[{"href":"https:\/\/www.uninter.com\/radio\/wp-json\/wp\/v2\/posts\/36566"}],"collection":[{"href":"https:\/\/www.uninter.com\/radio\/wp-json\/wp\/v2\/posts"}],"about":[{"href":"https:\/\/www.uninter.com\/radio\/wp-json\/wp\/v2\/types\/post"}],"author":[{"embeddable":true,"href":"https:\/\/www.uninter.com\/radio\/wp-json\/wp\/v2\/users\/3"}],"replies":[{"embeddable":true,"href":"https:\/\/www.uninter.com\/radio\/wp-json\/wp\/v2\/comments?post=36566"}],"version-history":[{"count":2,"href":"https:\/\/www.uninter.com\/radio\/wp-json\/wp\/v2\/posts\/36566\/revisions"}],"predecessor-version":[{"id":36569,"href":"https:\/\/www.uninter.com\/radio\/wp-json\/wp\/v2\/posts\/36566\/revisions\/36569"}],"wp:featuredmedia":[{"embeddable":true,"href":"https:\/\/www.uninter.com\/radio\/wp-json\/wp\/v2\/media\/34252"}],"wp:attachment":[{"href":"https:\/\/www.uninter.com\/radio\/wp-json\/wp\/v2\/media?parent=36566"}],"wp:term":[{"taxonomy":"category","embeddable":true,"href":"https:\/\/www.uninter.com\/radio\/wp-json\/wp\/v2\/categories?post=36566"},{"taxonomy":"post_tag","embeddable":true,"href":"https:\/\/www.uninter.com\/radio\/wp-json\/wp\/v2\/tags?post=36566"}],"curies":[{"name":"wp","href":"https:\/\/api.w.org\/{rel}","templated":true}]}}