{"id":36563,"date":"2024-04-29T17:00:13","date_gmt":"2024-04-29T20:00:13","guid":{"rendered":"https:\/\/www.uninter.com\/radio\/?p=36563"},"modified":"2024-04-29T17:00:14","modified_gmt":"2024-04-29T20:00:14","slug":"inclusao-em-rede-o-protagonismo-da-pessoa-com-deficiencia","status":"publish","type":"post","link":"https:\/\/www.uninter.com\/radio\/inclusao-em-rede-o-protagonismo-da-pessoa-com-deficiencia","title":{"rendered":"Inclus\u00e3o em Rede | O protagonismo da pessoa com defici\u00eancia"},"content":{"rendered":"\n<figure class=\"wp-block-audio\"><audio controls src=\"https:\/\/www.uninter.com\/radio\/wp-content\/uploads\/2024\/04\/inclusaoemrede05-04-2024_out.mp3\"><\/audio><\/figure>\n\n\n\n<p>Apesar das barreiras e estigmas enfrentados, as pessoas com defici\u00eancia t\u00eam hist\u00f3rias incr\u00edveis de resili\u00eancia, determina\u00e7\u00e3o e sucesso para compartilhar. Por isso, nesta semana o programa Inclus\u00e3o em Rede fala sobre o protagonismo da pessoa com defici\u00eancia. Para a conversa, Leomar Marchesini recebe a fundadora do Instituto Eu Tenho Nome Fernanda Bruni.<\/p>\n","protected":false},"excerpt":{"rendered":"<p>Apesar das barreiras e estigmas enfrentados, as pessoas com defici\u00eancia t\u00eam hist\u00f3rias incr\u00edveis de resili\u00eancia,&#8230;<\/p>\n","protected":false},"author":3,"featured_media":33698,"comment_status":"open","ping_status":"open","sticky":false,"template":"","format":"standard","meta":[],"categories":[2727],"tags":[],"_links":{"self":[{"href":"https:\/\/www.uninter.com\/radio\/wp-json\/wp\/v2\/posts\/36563"}],"collection":[{"href":"https:\/\/www.uninter.com\/radio\/wp-json\/wp\/v2\/posts"}],"about":[{"href":"https:\/\/www.uninter.com\/radio\/wp-json\/wp\/v2\/types\/post"}],"author":[{"embeddable":true,"href":"https:\/\/www.uninter.com\/radio\/wp-json\/wp\/v2\/users\/3"}],"replies":[{"embeddable":true,"href":"https:\/\/www.uninter.com\/radio\/wp-json\/wp\/v2\/comments?post=36563"}],"version-history":[{"count":1,"href":"https:\/\/www.uninter.com\/radio\/wp-json\/wp\/v2\/posts\/36563\/revisions"}],"predecessor-version":[{"id":36565,"href":"https:\/\/www.uninter.com\/radio\/wp-json\/wp\/v2\/posts\/36563\/revisions\/36565"}],"wp:featuredmedia":[{"embeddable":true,"href":"https:\/\/www.uninter.com\/radio\/wp-json\/wp\/v2\/media\/33698"}],"wp:attachment":[{"href":"https:\/\/www.uninter.com\/radio\/wp-json\/wp\/v2\/media?parent=36563"}],"wp:term":[{"taxonomy":"category","embeddable":true,"href":"https:\/\/www.uninter.com\/radio\/wp-json\/wp\/v2\/categories?post=36563"},{"taxonomy":"post_tag","embeddable":true,"href":"https:\/\/www.uninter.com\/radio\/wp-json\/wp\/v2\/tags?post=36563"}],"curies":[{"name":"wp","href":"https:\/\/api.w.org\/{rel}","templated":true}]}}