{"id":36560,"date":"2024-04-29T16:49:43","date_gmt":"2024-04-29T19:49:43","guid":{"rendered":"https:\/\/www.uninter.com\/radio\/?p=36560"},"modified":"2024-04-29T16:49:44","modified_gmt":"2024-04-29T19:49:44","slug":"negocios-e-tendencias-extensao-e-tea-panoramas-da-inclusao-na-educacao-superior","status":"publish","type":"post","link":"https:\/\/www.uninter.com\/radio\/negocios-e-tendencias-extensao-e-tea-panoramas-da-inclusao-na-educacao-superior","title":{"rendered":"Neg\u00f3cios e Tend\u00eancias | Extens\u00e3o e TEA: panoramas da inclus\u00e3o na Educa\u00e7\u00e3o Superior"},"content":{"rendered":"\n<figure class=\"wp-block-audio\"><audio controls src=\"https:\/\/www.uninter.com\/radio\/wp-content\/uploads\/2024\/04\/negocios-e-tendencias-05-04-2024.mp3\"><\/audio><\/figure>\n\n\n\n<p>Sabemos que a inclus\u00e3o de pessoas com TEA nas institui\u00e7\u00f5es de ensino superior \u00e9 um desafio complexo, mas fundamental para promover uma sociedade mais justa e igualit\u00e1ria. Por isso, nessa semana o Neg\u00f3cios e Tend\u00eancias fala sobre os panoramas da inclus\u00e3o na Educa\u00e7\u00e3o Superior, com um foco especial na extens\u00e3o universit\u00e1ria e sua rela\u00e7\u00e3o com o Transtorno do Espectro Autista (TEA). Para a conversa, Celso Giancarlo de Mazo e Henrique Monfredinho recebem a m\u00e9dica Neurologista Pedi\u00e1trica Benaia Silva.<\/p>\n","protected":false},"excerpt":{"rendered":"<p>Sabemos que a inclus\u00e3o de pessoas com TEA nas institui\u00e7\u00f5es de ensino superior \u00e9 um&#8230;<\/p>\n","protected":false},"author":3,"featured_media":33694,"comment_status":"open","ping_status":"open","sticky":false,"template":"","format":"standard","meta":[],"categories":[2698],"tags":[],"_links":{"self":[{"href":"https:\/\/www.uninter.com\/radio\/wp-json\/wp\/v2\/posts\/36560"}],"collection":[{"href":"https:\/\/www.uninter.com\/radio\/wp-json\/wp\/v2\/posts"}],"about":[{"href":"https:\/\/www.uninter.com\/radio\/wp-json\/wp\/v2\/types\/post"}],"author":[{"embeddable":true,"href":"https:\/\/www.uninter.com\/radio\/wp-json\/wp\/v2\/users\/3"}],"replies":[{"embeddable":true,"href":"https:\/\/www.uninter.com\/radio\/wp-json\/wp\/v2\/comments?post=36560"}],"version-history":[{"count":1,"href":"https:\/\/www.uninter.com\/radio\/wp-json\/wp\/v2\/posts\/36560\/revisions"}],"predecessor-version":[{"id":36562,"href":"https:\/\/www.uninter.com\/radio\/wp-json\/wp\/v2\/posts\/36560\/revisions\/36562"}],"wp:featuredmedia":[{"embeddable":true,"href":"https:\/\/www.uninter.com\/radio\/wp-json\/wp\/v2\/media\/33694"}],"wp:attachment":[{"href":"https:\/\/www.uninter.com\/radio\/wp-json\/wp\/v2\/media?parent=36560"}],"wp:term":[{"taxonomy":"category","embeddable":true,"href":"https:\/\/www.uninter.com\/radio\/wp-json\/wp\/v2\/categories?post=36560"},{"taxonomy":"post_tag","embeddable":true,"href":"https:\/\/www.uninter.com\/radio\/wp-json\/wp\/v2\/tags?post=36560"}],"curies":[{"name":"wp","href":"https:\/\/api.w.org\/{rel}","templated":true}]}}