{"id":36544,"date":"2024-04-29T16:44:06","date_gmt":"2024-04-29T19:44:06","guid":{"rendered":"https:\/\/www.uninter.com\/radio\/?p=36544"},"modified":"2024-04-29T16:44:07","modified_gmt":"2024-04-29T19:44:07","slug":"atualidades-da-educacao-a-ressurreicao-de-jesus-cristo","status":"publish","type":"post","link":"https:\/\/www.uninter.com\/radio\/atualidades-da-educacao-a-ressurreicao-de-jesus-cristo","title":{"rendered":"Atualidades da Educa\u00e7\u00e3o | A ressurrei\u00e7\u00e3o de Jesus Cristo"},"content":{"rendered":"\n<figure class=\"wp-block-audio\"><audio controls src=\"https:\/\/www.uninter.com\/radio\/wp-content\/uploads\/2024\/04\/atualidades-da-educacao-03-04-2024.mp3\"><\/audio><\/figure>\n\n\n\n<p>Nesta semana, o Atualidades da Educa\u00e7\u00e3o continua na tem\u00e1tica da P\u00e1scoa e fala sobre a ressurrei\u00e7\u00e3o de Jesus Cristo. Para a conversa, contamos com a presen\u00e7a de Alvino Moser, Gilberto Bordini e M\u00e1rcio Pelinski.<\/p>\n","protected":false},"excerpt":{"rendered":"<p>Nesta semana, o Atualidades da Educa\u00e7\u00e3o continua na tem\u00e1tica da P\u00e1scoa e fala sobre a&#8230;<\/p>\n","protected":false},"author":3,"featured_media":33674,"comment_status":"open","ping_status":"open","sticky":false,"template":"","format":"standard","meta":[],"categories":[2760],"tags":[],"_links":{"self":[{"href":"https:\/\/www.uninter.com\/radio\/wp-json\/wp\/v2\/posts\/36544"}],"collection":[{"href":"https:\/\/www.uninter.com\/radio\/wp-json\/wp\/v2\/posts"}],"about":[{"href":"https:\/\/www.uninter.com\/radio\/wp-json\/wp\/v2\/types\/post"}],"author":[{"embeddable":true,"href":"https:\/\/www.uninter.com\/radio\/wp-json\/wp\/v2\/users\/3"}],"replies":[{"embeddable":true,"href":"https:\/\/www.uninter.com\/radio\/wp-json\/wp\/v2\/comments?post=36544"}],"version-history":[{"count":1,"href":"https:\/\/www.uninter.com\/radio\/wp-json\/wp\/v2\/posts\/36544\/revisions"}],"predecessor-version":[{"id":36546,"href":"https:\/\/www.uninter.com\/radio\/wp-json\/wp\/v2\/posts\/36544\/revisions\/36546"}],"wp:featuredmedia":[{"embeddable":true,"href":"https:\/\/www.uninter.com\/radio\/wp-json\/wp\/v2\/media\/33674"}],"wp:attachment":[{"href":"https:\/\/www.uninter.com\/radio\/wp-json\/wp\/v2\/media?parent=36544"}],"wp:term":[{"taxonomy":"category","embeddable":true,"href":"https:\/\/www.uninter.com\/radio\/wp-json\/wp\/v2\/categories?post=36544"},{"taxonomy":"post_tag","embeddable":true,"href":"https:\/\/www.uninter.com\/radio\/wp-json\/wp\/v2\/tags?post=36544"}],"curies":[{"name":"wp","href":"https:\/\/api.w.org\/{rel}","templated":true}]}}