{"id":36537,"date":"2024-04-29T16:04:11","date_gmt":"2024-04-29T19:04:11","guid":{"rendered":"https:\/\/www.uninter.com\/radio\/?p=36537"},"modified":"2024-04-29T16:04:13","modified_gmt":"2024-04-29T19:04:13","slug":"saude-em-foco-dia-mundial-da-saude","status":"publish","type":"post","link":"https:\/\/www.uninter.com\/radio\/saude-em-foco-dia-mundial-da-saude","title":{"rendered":"Sa\u00fade em Foco | Dia Mundial da Sa\u00fade"},"content":{"rendered":"\n<figure class=\"wp-block-audio\"><audio controls src=\"https:\/\/www.uninter.com\/radio\/wp-content\/uploads\/2024\/04\/saude-em-foco-02-04-2024.mp3\"><\/audio><\/figure>\n\n\n\n<p>No dia 07 de abril comemoramos o Dia Mundial da Sa\u00fade, data criada para chamar a aten\u00e7\u00e3o para as prioridades espec\u00edficas da sa\u00fade global. Vamos falar sobre este tema no Sa\u00fade em Foco desta semana, e para a conversa, Barbara Carvalho recebe os professores Dimas de Almeida Ara\u00fajo e Marcio Luiz da Silva.<\/p>\n","protected":false},"excerpt":{"rendered":"<p>No dia 07 de abril comemoramos o Dia Mundial da Sa\u00fade, data criada para chamar&#8230;<\/p>\n","protected":false},"author":3,"featured_media":33678,"comment_status":"open","ping_status":"open","sticky":false,"template":"","format":"standard","meta":[],"categories":[2790],"tags":[],"_links":{"self":[{"href":"https:\/\/www.uninter.com\/radio\/wp-json\/wp\/v2\/posts\/36537"}],"collection":[{"href":"https:\/\/www.uninter.com\/radio\/wp-json\/wp\/v2\/posts"}],"about":[{"href":"https:\/\/www.uninter.com\/radio\/wp-json\/wp\/v2\/types\/post"}],"author":[{"embeddable":true,"href":"https:\/\/www.uninter.com\/radio\/wp-json\/wp\/v2\/users\/3"}],"replies":[{"embeddable":true,"href":"https:\/\/www.uninter.com\/radio\/wp-json\/wp\/v2\/comments?post=36537"}],"version-history":[{"count":1,"href":"https:\/\/www.uninter.com\/radio\/wp-json\/wp\/v2\/posts\/36537\/revisions"}],"predecessor-version":[{"id":36539,"href":"https:\/\/www.uninter.com\/radio\/wp-json\/wp\/v2\/posts\/36537\/revisions\/36539"}],"wp:featuredmedia":[{"embeddable":true,"href":"https:\/\/www.uninter.com\/radio\/wp-json\/wp\/v2\/media\/33678"}],"wp:attachment":[{"href":"https:\/\/www.uninter.com\/radio\/wp-json\/wp\/v2\/media?parent=36537"}],"wp:term":[{"taxonomy":"category","embeddable":true,"href":"https:\/\/www.uninter.com\/radio\/wp-json\/wp\/v2\/categories?post=36537"},{"taxonomy":"post_tag","embeddable":true,"href":"https:\/\/www.uninter.com\/radio\/wp-json\/wp\/v2\/tags?post=36537"}],"curies":[{"name":"wp","href":"https:\/\/api.w.org\/{rel}","templated":true}]}}