{"id":36534,"date":"2024-04-29T16:02:10","date_gmt":"2024-04-29T19:02:10","guid":{"rendered":"https:\/\/www.uninter.com\/radio\/?p=36534"},"modified":"2024-04-29T16:02:11","modified_gmt":"2024-04-29T19:02:11","slug":"gestao-publica-em-debate-direito-politico","status":"publish","type":"post","link":"https:\/\/www.uninter.com\/radio\/gestao-publica-em-debate-direito-politico","title":{"rendered":"Gest\u00e3o P\u00fablica em Debate | Direito Pol\u00edtico"},"content":{"rendered":"\n<figure class=\"wp-block-audio\"><audio controls src=\"https:\/\/www.uninter.com\/radio\/wp-content\/uploads\/2024\/04\/gestao-publica-01-04-2024.mp3\"><\/audio><\/figure>\n\n\n\n<p>O direito pol\u00edtico \u00e9 um campo que desempenha um papel fundamental em nossas vidas e na sociedade como um todo. Nesta semana, o Gest\u00e3o P\u00fablica em Debate aborda este tema, desde seus princ\u00edpios b\u00e1sicos at\u00e9 suas implica\u00e7\u00f5es pr\u00e1ticas. Para a conversa, Manon Garcia e Ricieri Garbelini recebem Ana Paula Barmann e Andr\u00e9 Ziegmann.<\/p>\n","protected":false},"excerpt":{"rendered":"<p>O direito pol\u00edtico \u00e9 um campo que desempenha um papel fundamental em nossas vidas e&#8230;<\/p>\n","protected":false},"author":3,"featured_media":35653,"comment_status":"open","ping_status":"open","sticky":false,"template":"","format":"standard","meta":[],"categories":[2848],"tags":[],"_links":{"self":[{"href":"https:\/\/www.uninter.com\/radio\/wp-json\/wp\/v2\/posts\/36534"}],"collection":[{"href":"https:\/\/www.uninter.com\/radio\/wp-json\/wp\/v2\/posts"}],"about":[{"href":"https:\/\/www.uninter.com\/radio\/wp-json\/wp\/v2\/types\/post"}],"author":[{"embeddable":true,"href":"https:\/\/www.uninter.com\/radio\/wp-json\/wp\/v2\/users\/3"}],"replies":[{"embeddable":true,"href":"https:\/\/www.uninter.com\/radio\/wp-json\/wp\/v2\/comments?post=36534"}],"version-history":[{"count":1,"href":"https:\/\/www.uninter.com\/radio\/wp-json\/wp\/v2\/posts\/36534\/revisions"}],"predecessor-version":[{"id":36536,"href":"https:\/\/www.uninter.com\/radio\/wp-json\/wp\/v2\/posts\/36534\/revisions\/36536"}],"wp:featuredmedia":[{"embeddable":true,"href":"https:\/\/www.uninter.com\/radio\/wp-json\/wp\/v2\/media\/35653"}],"wp:attachment":[{"href":"https:\/\/www.uninter.com\/radio\/wp-json\/wp\/v2\/media?parent=36534"}],"wp:term":[{"taxonomy":"category","embeddable":true,"href":"https:\/\/www.uninter.com\/radio\/wp-json\/wp\/v2\/categories?post=36534"},{"taxonomy":"post_tag","embeddable":true,"href":"https:\/\/www.uninter.com\/radio\/wp-json\/wp\/v2\/tags?post=36534"}],"curies":[{"name":"wp","href":"https:\/\/api.w.org\/{rel}","templated":true}]}}