{"id":36521,"date":"2024-04-29T15:50:52","date_gmt":"2024-04-29T18:50:52","guid":{"rendered":"https:\/\/www.uninter.com\/radio\/?p=36521"},"modified":"2024-04-29T15:50:53","modified_gmt":"2024-04-29T18:50:53","slug":"conheca-seu-direito-direitos-da-pessoa-com-espectro-autista-tea","status":"publish","type":"post","link":"https:\/\/www.uninter.com\/radio\/conheca-seu-direito-direitos-da-pessoa-com-espectro-autista-tea","title":{"rendered":"Conhe\u00e7a seu Direito | Direitos da Pessoa com Espectro Autista \u2013 TEA"},"content":{"rendered":"\n<figure class=\"wp-block-audio\"><audio controls src=\"https:\/\/www.uninter.com\/radio\/wp-content\/uploads\/2024\/04\/conheca-seu-direito-01-04-2024.mp3\"><\/audio><\/figure>\n\n\n\n<p>Na edi\u00e7\u00e3o de abril, em comemora\u00e7\u00e3o ao Dia Mundial de Conscientiza\u00e7\u00e3o do Autismo, vamos conversar sobre os direitos que envolvem a pessoa com autismo, como: direito a tratamento, pedidos realizados frente ao plano de sa\u00fade, inclus\u00e3o escolar, entre outros. Para a conversa, os professores Silvano Alcantara, Priscilla Bortolotto Ribeiro e Jennifer Manfrin recebem a advogada Hanna Baptista.<\/p>\n","protected":false},"excerpt":{"rendered":"<p>Na edi\u00e7\u00e3o de abril, em comemora\u00e7\u00e3o ao Dia Mundial de Conscientiza\u00e7\u00e3o do Autismo, vamos conversar&#8230;<\/p>\n","protected":false},"author":3,"featured_media":33660,"comment_status":"open","ping_status":"open","sticky":false,"template":"","format":"standard","meta":[],"categories":[2703],"tags":[],"_links":{"self":[{"href":"https:\/\/www.uninter.com\/radio\/wp-json\/wp\/v2\/posts\/36521"}],"collection":[{"href":"https:\/\/www.uninter.com\/radio\/wp-json\/wp\/v2\/posts"}],"about":[{"href":"https:\/\/www.uninter.com\/radio\/wp-json\/wp\/v2\/types\/post"}],"author":[{"embeddable":true,"href":"https:\/\/www.uninter.com\/radio\/wp-json\/wp\/v2\/users\/3"}],"replies":[{"embeddable":true,"href":"https:\/\/www.uninter.com\/radio\/wp-json\/wp\/v2\/comments?post=36521"}],"version-history":[{"count":1,"href":"https:\/\/www.uninter.com\/radio\/wp-json\/wp\/v2\/posts\/36521\/revisions"}],"predecessor-version":[{"id":36523,"href":"https:\/\/www.uninter.com\/radio\/wp-json\/wp\/v2\/posts\/36521\/revisions\/36523"}],"wp:featuredmedia":[{"embeddable":true,"href":"https:\/\/www.uninter.com\/radio\/wp-json\/wp\/v2\/media\/33660"}],"wp:attachment":[{"href":"https:\/\/www.uninter.com\/radio\/wp-json\/wp\/v2\/media?parent=36521"}],"wp:term":[{"taxonomy":"category","embeddable":true,"href":"https:\/\/www.uninter.com\/radio\/wp-json\/wp\/v2\/categories?post=36521"},{"taxonomy":"post_tag","embeddable":true,"href":"https:\/\/www.uninter.com\/radio\/wp-json\/wp\/v2\/tags?post=36521"}],"curies":[{"name":"wp","href":"https:\/\/api.w.org\/{rel}","templated":true}]}}