{"id":36511,"date":"2024-04-16T10:44:40","date_gmt":"2024-04-16T13:44:40","guid":{"rendered":"https:\/\/www.uninter.com\/radio\/?p=36511"},"modified":"2024-04-16T10:44:41","modified_gmt":"2024-04-16T13:44:41","slug":"chave-interdisciplinar-sistema-nacional-de-unidade-de-conservacao-e-desafios-da-gestao-territorial","status":"publish","type":"post","link":"https:\/\/www.uninter.com\/radio\/chave-interdisciplinar-sistema-nacional-de-unidade-de-conservacao-e-desafios-da-gestao-territorial","title":{"rendered":"Chave Interdisciplinar | Sistema Nacional de Unidade de Conserva\u00e7\u00e3o e desafios da gest\u00e3o territorial"},"content":{"rendered":"\n<figure class=\"wp-block-audio\"><audio controls src=\"https:\/\/www.uninter.com\/radio\/wp-content\/uploads\/2024\/04\/chave-28-03-2024.mp3\"><\/audio><\/figure>\n\n\n\n<p>Reconhecemos que as \u00e1reas protegidas desempenham um papel fundamental na preserva\u00e7\u00e3o da biodiversidade, na manuten\u00e7\u00e3o dos ecossistemas e na promo\u00e7\u00e3o do desenvolvimento sustent\u00e1vel. No entanto, enfrentam uma s\u00e9rie de desafios que requerem aten\u00e7\u00e3o e solu\u00e7\u00f5es inovadoras. Este \u00e9 o tema do Chave Interdisciplinar dessa semana, e para a conversa, recebemos Nicole Witt e Fernanda Sezerino.<\/p>\n","protected":false},"excerpt":{"rendered":"<p>Reconhecemos que as \u00e1reas protegidas desempenham um papel fundamental na preserva\u00e7\u00e3o da biodiversidade, na manuten\u00e7\u00e3o&#8230;<\/p>\n","protected":false},"author":3,"featured_media":33668,"comment_status":"open","ping_status":"open","sticky":false,"template":"","format":"standard","meta":[],"categories":[2735],"tags":[],"_links":{"self":[{"href":"https:\/\/www.uninter.com\/radio\/wp-json\/wp\/v2\/posts\/36511"}],"collection":[{"href":"https:\/\/www.uninter.com\/radio\/wp-json\/wp\/v2\/posts"}],"about":[{"href":"https:\/\/www.uninter.com\/radio\/wp-json\/wp\/v2\/types\/post"}],"author":[{"embeddable":true,"href":"https:\/\/www.uninter.com\/radio\/wp-json\/wp\/v2\/users\/3"}],"replies":[{"embeddable":true,"href":"https:\/\/www.uninter.com\/radio\/wp-json\/wp\/v2\/comments?post=36511"}],"version-history":[{"count":1,"href":"https:\/\/www.uninter.com\/radio\/wp-json\/wp\/v2\/posts\/36511\/revisions"}],"predecessor-version":[{"id":36513,"href":"https:\/\/www.uninter.com\/radio\/wp-json\/wp\/v2\/posts\/36511\/revisions\/36513"}],"wp:featuredmedia":[{"embeddable":true,"href":"https:\/\/www.uninter.com\/radio\/wp-json\/wp\/v2\/media\/33668"}],"wp:attachment":[{"href":"https:\/\/www.uninter.com\/radio\/wp-json\/wp\/v2\/media?parent=36511"}],"wp:term":[{"taxonomy":"category","embeddable":true,"href":"https:\/\/www.uninter.com\/radio\/wp-json\/wp\/v2\/categories?post=36511"},{"taxonomy":"post_tag","embeddable":true,"href":"https:\/\/www.uninter.com\/radio\/wp-json\/wp\/v2\/tags?post=36511"}],"curies":[{"name":"wp","href":"https:\/\/api.w.org\/{rel}","templated":true}]}}