{"id":36508,"date":"2024-04-16T10:42:46","date_gmt":"2024-04-16T13:42:46","guid":{"rendered":"https:\/\/www.uninter.com\/radio\/?p=36508"},"modified":"2024-04-16T10:42:47","modified_gmt":"2024-04-16T13:42:47","slug":"saude-em-foco-dia-da-saude-e-da-nutricao-cuidado-para-com-a-pessoa-idosa","status":"publish","type":"post","link":"https:\/\/www.uninter.com\/radio\/saude-em-foco-dia-da-saude-e-da-nutricao-cuidado-para-com-a-pessoa-idosa","title":{"rendered":"Sa\u00fade em Foco | Dia da Sa\u00fade e da Nutri\u00e7\u00e3o: cuidado para com a pessoa idosa"},"content":{"rendered":"\n<figure class=\"wp-block-audio\"><audio controls src=\"https:\/\/www.uninter.com\/radio\/wp-content\/uploads\/2024\/04\/saude-em-foco-26-03-2024.mp3\"><\/audio><\/figure>\n\n\n\n<p>No dia 31 de mar\u00e7o comemoramos o Dia Nacional da Sa\u00fade e Nutri\u00e7\u00e3o, por isso, o Sa\u00fade em Foco dessa semana se dedica a um grupo especial: os idosos. A sa\u00fade e a nutri\u00e7\u00e3o adequadas desempenham um papel fundamental no bem-estar e na qualidade de vida das pessoas idosas. Por isso, exploramos os cuidados essenciais que devemos ter com os idosos para garantir que desfrutem de uma vida saud\u00e1vel e vibrante. Para a conversa, Barbara Carvalho recebe as professoras Maria Caroline Waldrigues e Ana Paula Garcia.<\/p>\n","protected":false},"excerpt":{"rendered":"<p>No dia 31 de mar\u00e7o comemoramos o Dia Nacional da Sa\u00fade e Nutri\u00e7\u00e3o, por isso,&#8230;<\/p>\n","protected":false},"author":3,"featured_media":33678,"comment_status":"open","ping_status":"open","sticky":false,"template":"","format":"standard","meta":[],"categories":[2790],"tags":[],"_links":{"self":[{"href":"https:\/\/www.uninter.com\/radio\/wp-json\/wp\/v2\/posts\/36508"}],"collection":[{"href":"https:\/\/www.uninter.com\/radio\/wp-json\/wp\/v2\/posts"}],"about":[{"href":"https:\/\/www.uninter.com\/radio\/wp-json\/wp\/v2\/types\/post"}],"author":[{"embeddable":true,"href":"https:\/\/www.uninter.com\/radio\/wp-json\/wp\/v2\/users\/3"}],"replies":[{"embeddable":true,"href":"https:\/\/www.uninter.com\/radio\/wp-json\/wp\/v2\/comments?post=36508"}],"version-history":[{"count":1,"href":"https:\/\/www.uninter.com\/radio\/wp-json\/wp\/v2\/posts\/36508\/revisions"}],"predecessor-version":[{"id":36510,"href":"https:\/\/www.uninter.com\/radio\/wp-json\/wp\/v2\/posts\/36508\/revisions\/36510"}],"wp:featuredmedia":[{"embeddable":true,"href":"https:\/\/www.uninter.com\/radio\/wp-json\/wp\/v2\/media\/33678"}],"wp:attachment":[{"href":"https:\/\/www.uninter.com\/radio\/wp-json\/wp\/v2\/media?parent=36508"}],"wp:term":[{"taxonomy":"category","embeddable":true,"href":"https:\/\/www.uninter.com\/radio\/wp-json\/wp\/v2\/categories?post=36508"},{"taxonomy":"post_tag","embeddable":true,"href":"https:\/\/www.uninter.com\/radio\/wp-json\/wp\/v2\/tags?post=36508"}],"curies":[{"name":"wp","href":"https:\/\/api.w.org\/{rel}","templated":true}]}}