{"id":36505,"date":"2024-04-16T10:40:52","date_gmt":"2024-04-16T13:40:52","guid":{"rendered":"https:\/\/www.uninter.com\/radio\/?p=36505"},"modified":"2024-04-16T10:40:53","modified_gmt":"2024-04-16T13:40:53","slug":"segredos-da-arquitetura-e-do-design-arquitetura-sensivel-ao-autista","status":"publish","type":"post","link":"https:\/\/www.uninter.com\/radio\/segredos-da-arquitetura-e-do-design-arquitetura-sensivel-ao-autista","title":{"rendered":"Segredos da Arquitetura e do Design | Arquitetura sens\u00edvel ao autista"},"content":{"rendered":"\n<figure class=\"wp-block-audio\"><audio controls src=\"https:\/\/www.uninter.com\/radio\/wp-content\/uploads\/2024\/04\/segredos-da-arquitetura-25-03-2024.mp3\"><\/audio><\/figure>\n\n\n\n<p>A arquitetura sens\u00edvel ao autista \u00e9 uma abordagem projetual que visa criar ambientes f\u00edsicos que atendam \u00e0s necessidades espec\u00edficas das pessoas no espectro do autismo. Isso envolve considerar cuidadosamente os elementos espaciais, sensoriais e funcionais de um ambiente para proporcionar uma experi\u00eancia mais confort\u00e1vel e inclusiva para os indiv\u00edduos autistas. O Segredos da Arquitetura e do Design deste m\u00eas explora o tema e suas possibilidades, com a presen\u00e7a da especialista em Neurologia Patricia Gingueleski e a pedagoga Pamela Tenorio. Com apresenta\u00e7\u00e3o da coordenadora de p\u00f3s-gradua\u00e7\u00e3o Andressa Mu\u00f1oz e a tutora Scharlise dos Santos.<\/p>\n","protected":false},"excerpt":{"rendered":"<p>A arquitetura sens\u00edvel ao autista \u00e9 uma abordagem projetual que visa criar ambientes f\u00edsicos que&#8230;<\/p>\n","protected":false},"author":3,"featured_media":35326,"comment_status":"open","ping_status":"open","sticky":false,"template":"","format":"standard","meta":[],"categories":[2709],"tags":[],"_links":{"self":[{"href":"https:\/\/www.uninter.com\/radio\/wp-json\/wp\/v2\/posts\/36505"}],"collection":[{"href":"https:\/\/www.uninter.com\/radio\/wp-json\/wp\/v2\/posts"}],"about":[{"href":"https:\/\/www.uninter.com\/radio\/wp-json\/wp\/v2\/types\/post"}],"author":[{"embeddable":true,"href":"https:\/\/www.uninter.com\/radio\/wp-json\/wp\/v2\/users\/3"}],"replies":[{"embeddable":true,"href":"https:\/\/www.uninter.com\/radio\/wp-json\/wp\/v2\/comments?post=36505"}],"version-history":[{"count":1,"href":"https:\/\/www.uninter.com\/radio\/wp-json\/wp\/v2\/posts\/36505\/revisions"}],"predecessor-version":[{"id":36507,"href":"https:\/\/www.uninter.com\/radio\/wp-json\/wp\/v2\/posts\/36505\/revisions\/36507"}],"wp:featuredmedia":[{"embeddable":true,"href":"https:\/\/www.uninter.com\/radio\/wp-json\/wp\/v2\/media\/35326"}],"wp:attachment":[{"href":"https:\/\/www.uninter.com\/radio\/wp-json\/wp\/v2\/media?parent=36505"}],"wp:term":[{"taxonomy":"category","embeddable":true,"href":"https:\/\/www.uninter.com\/radio\/wp-json\/wp\/v2\/categories?post=36505"},{"taxonomy":"post_tag","embeddable":true,"href":"https:\/\/www.uninter.com\/radio\/wp-json\/wp\/v2\/tags?post=36505"}],"curies":[{"name":"wp","href":"https:\/\/api.w.org\/{rel}","templated":true}]}}