{"id":36499,"date":"2024-04-16T09:22:29","date_gmt":"2024-04-16T12:22:29","guid":{"rendered":"https:\/\/www.uninter.com\/radio\/?p=36499"},"modified":"2024-04-16T09:22:30","modified_gmt":"2024-04-16T12:22:30","slug":"inclusao-em-rede-mostra-surda-no-festival-de-teatro-de-curitiba","status":"publish","type":"post","link":"https:\/\/www.uninter.com\/radio\/inclusao-em-rede-mostra-surda-no-festival-de-teatro-de-curitiba","title":{"rendered":"Inclus\u00e3o em Rede | Mostra Surda no Festival de Teatro de Curitiba"},"content":{"rendered":"\n<figure class=\"wp-block-audio\"><audio controls src=\"blob:https:\/\/www.uninter.com\/8538ba16-085f-4b6b-87cd-ddd3aeb17cb4\"><\/audio><\/figure>\n\n\n\n<p>Pela primeira em seus 32 anos, o Festival de Curitiba realiza a Mostra Surda de Teatro, categoria que visa celebrar o protagonismo dos artistas. Alguns colaboradores da Uninter participam dessa Mostra, e por isso, o Inclus\u00e3o em Rede dessa semana aborda as caracterizas e novidades sobre as atra\u00e7\u00f5es relacionadas. Para a conversa, Leomar Marchesini recebe Rafaela Hoebel e Jonatas Medeiros.<\/p>\n","protected":false},"excerpt":{"rendered":"<p>Pela primeira em seus 32 anos, o Festival de Curitiba realiza a Mostra Surda de&#8230;<\/p>\n","protected":false},"author":3,"featured_media":33698,"comment_status":"open","ping_status":"open","sticky":false,"template":"","format":"standard","meta":[],"categories":[2727],"tags":[],"_links":{"self":[{"href":"https:\/\/www.uninter.com\/radio\/wp-json\/wp\/v2\/posts\/36499"}],"collection":[{"href":"https:\/\/www.uninter.com\/radio\/wp-json\/wp\/v2\/posts"}],"about":[{"href":"https:\/\/www.uninter.com\/radio\/wp-json\/wp\/v2\/types\/post"}],"author":[{"embeddable":true,"href":"https:\/\/www.uninter.com\/radio\/wp-json\/wp\/v2\/users\/3"}],"replies":[{"embeddable":true,"href":"https:\/\/www.uninter.com\/radio\/wp-json\/wp\/v2\/comments?post=36499"}],"version-history":[{"count":1,"href":"https:\/\/www.uninter.com\/radio\/wp-json\/wp\/v2\/posts\/36499\/revisions"}],"predecessor-version":[{"id":36500,"href":"https:\/\/www.uninter.com\/radio\/wp-json\/wp\/v2\/posts\/36499\/revisions\/36500"}],"wp:featuredmedia":[{"embeddable":true,"href":"https:\/\/www.uninter.com\/radio\/wp-json\/wp\/v2\/media\/33698"}],"wp:attachment":[{"href":"https:\/\/www.uninter.com\/radio\/wp-json\/wp\/v2\/media?parent=36499"}],"wp:term":[{"taxonomy":"category","embeddable":true,"href":"https:\/\/www.uninter.com\/radio\/wp-json\/wp\/v2\/categories?post=36499"},{"taxonomy":"post_tag","embeddable":true,"href":"https:\/\/www.uninter.com\/radio\/wp-json\/wp\/v2\/tags?post=36499"}],"curies":[{"name":"wp","href":"https:\/\/api.w.org\/{rel}","templated":true}]}}